{"id":5195,"date":"2025-09-01T09:54:42","date_gmt":"2025-09-01T13:54:42","guid":{"rendered":"https:\/\/lapaz.bo\/redcooperacion\/?p=5195"},"modified":"2025-09-01T09:59:09","modified_gmt":"2025-09-01T13:59:09","slug":"culmino-el-ciclo-de-webinars-sobre-emergencias-climaticas-de-pacto-global-red-bolivia-con-la-participacion-de-mas-de-145-personas-y-organizaciones","status":"publish","type":"post","link":"https:\/\/lapaz.bo\/redcooperacion\/culmino-el-ciclo-de-webinars-sobre-emergencias-climaticas-de-pacto-global-red-bolivia-con-la-participacion-de-mas-de-145-personas-y-organizaciones\/","title":{"rendered":"Culmin\u00f3 el ciclo de webinars sobre Emergencias Clim\u00e1ticas de Pacto Global Red Bolivia con la participaci\u00f3n de m\u00e1s de 145 personas y organizaciones"},"content":{"rendered":"\t\t<div data-elementor-type=\"wp-post\" data-elementor-id=\"5195\" class=\"elementor elementor-5195\" data-elementor-settings=\"{&quot;ha_cmc_init_switcher&quot;:&quot;no&quot;}\">\n\t\t\t\t<div class=\"elementor-element elementor-element-913c875 e-flex e-con-boxed wpr-particle-no wpr-jarallax-no wpr-parallax-no wpr-sticky-section-no e-con e-parent\" data-id=\"913c875\" data-element_type=\"container\" data-settings=\"{&quot;_ha_eqh_enable&quot;:false}\">\n\t\t\t\t\t<div class=\"e-con-inner\">\n\t\t\t\t<div class=\"elementor-element elementor-element-b5b1f53 elementor-widget elementor-widget-image\" data-id=\"b5b1f53\" data-element_type=\"widget\" data-widget_type=\"image.default\">\n\t\t\t\t<div class=\"elementor-widget-container\">\n\t\t\t\t\t\t\t\t\t\t\t\t\t\t\t<img decoding=\"async\" src=\"https:\/\/lapaz.bo\/redcooperacion\/wp-content\/plugins\/elementor\/assets\/images\/placeholder.png\" title=\"\" alt=\"\" loading=\"lazy\" \/>\t\t\t\t\t\t\t\t\t\t\t\t\t\t\t<\/div>\n\t\t\t\t<\/div>\n\t\t\t\t\t<\/div>\n\t\t\t\t<\/div>\n\t\t<div class=\"elementor-element elementor-element-3b6d0298 e-flex e-con-boxed wpr-particle-no wpr-jarallax-no wpr-parallax-no wpr-sticky-section-no e-con e-parent\" data-id=\"3b6d0298\" data-element_type=\"container\" data-settings=\"{&quot;_ha_eqh_enable&quot;:false}\">\n\t\t\t\t\t<div class=\"e-con-inner\">\n\t\t\t\t<div class=\"elementor-element elementor-element-4955be1c elementor-widget elementor-widget-text-editor\" data-id=\"4955be1c\" data-element_type=\"widget\" data-widget_type=\"text-editor.default\">\n\t\t\t\t<div class=\"elementor-widget-container\">\n\t\t\t\t\t\t\t\t\tLa pasada semana culmin\u00f3 el ciclo de webinars sobre Emergencias Clim\u00e1ticas del Pacto Global Red Bolivia con la participaci\u00f3n de m\u00e1s de 145 personas y organizaciones\n\nDurante estas sesiones, se abord\u00f3 los impactos ambientales, sociales y econ\u00f3micos de las emergencias clim\u00e1ticas en Bolivia, con especial \u00e9nfasis en los incendios forestales. Hubo extenso dialogo sobre mecanismos de respuesta, conocimientos cient\u00edficos, impactos en la biodiversidad y acciones de apoyo directo en territorio.\n\nEn los siguientes links puedes revivir cada una de las sesiones:\n\n<img decoding=\"async\" class=\"an1\" src=\"https:\/\/fonts.gstatic.com\/s\/e\/notoemoji\/16.0\/1f4cc\/72.png\" alt=\"\ud83d\udccc\" width=\"27\" height=\"27\" data-emoji=\"\ud83d\udccc\" aria-label=\"\ud83d\udccc\" \/>\u00a0Situaci\u00f3n actual de los incendios forestales en Bolivia y mecanismos de respuesta\n<a href=\"https:\/\/lac.unglobalcompact.org\/e\/989942\/-2NHst1-utm-source-chatgpt-com\/49hm7b\/1302721494\/h\/6p7bTnj7v8u-3bL3DGOnhvGbScmS2wMMHeON15Jt49c\" target=\"_blank\" rel=\"noopener\" data-saferedirecturl=\"https:\/\/www.google.com\/url?q=https:\/\/lac.unglobalcompact.org\/e\/989942\/-2NHst1-utm-source-chatgpt-com\/49hm7b\/1302721494\/h\/6p7bTnj7v8u-3bL3DGOnhvGbScmS2wMMHeON15Jt49c&amp;source=gmail&amp;ust=1756818645562000&amp;usg=AOvVaw0t5jriOd7mp0LufJDi_B-v\">https:\/\/lac.unglobalcompact.org\/e\/989942\/smz7BxMVyY-si-LOVpqUKxI-2NHst1\/49hm77\/1302721494\/h\/6p7bTnj7v8u-3bL3DGOnhvGbScmS2wMMHeON15Jt49c<\/a>\n\n<img decoding=\"async\" class=\"an1\" src=\"https:\/\/fonts.gstatic.com\/s\/e\/notoemoji\/16.0\/1f4cc\/72.png\" alt=\"\ud83d\udccc\" width=\"27\" height=\"27\" data-emoji=\"\ud83d\udccc\" aria-label=\"\ud83d\udccc\" \/>\u00a0Gesti\u00f3n de riesgos y asistencia humanitaria de las Naciones Unidas en Bolivia\n<a href=\"https:\/\/lac.unglobalcompact.org\/e\/989942\/ljQwPmF-utm-source-chatgpt-com\/49hm7j\/1302721494\/h\/6p7bTnj7v8u-3bL3DGOnhvGbScmS2wMMHeON15Jt49c\" target=\"_blank\" rel=\"noopener\" data-saferedirecturl=\"https:\/\/www.google.com\/url?q=https:\/\/lac.unglobalcompact.org\/e\/989942\/ljQwPmF-utm-source-chatgpt-com\/49hm7j\/1302721494\/h\/6p7bTnj7v8u-3bL3DGOnhvGbScmS2wMMHeON15Jt49c&amp;source=gmail&amp;ust=1756818645562000&amp;usg=AOvVaw2vvml14CSodKKwNeJjXdQq\">https:\/\/lac.unglobalcompact.org\/e\/989942\/Rdf3DmTN-c-si-wgfprcwkTljQwPmF\/49hm7f\/1302721494\/h\/6p7bTnj7v8u-3bL3DGOnhvGbScmS2wMMHeON15Jt49c<\/a>\n\n<img decoding=\"async\" class=\"an1\" src=\"https:\/\/fonts.gstatic.com\/s\/e\/notoemoji\/16.0\/1f4cc\/72.png\" alt=\"\ud83d\udccc\" width=\"27\" height=\"27\" data-emoji=\"\ud83d\udccc\" aria-label=\"\ud83d\udccc\" \/>\u00a0Fuego y biodiversidad: impactos y din\u00e1micas ecol\u00f3gicas\n<a href=\"https:\/\/lac.unglobalcompact.org\/e\/989942\/3M-ZPIV-utm-source-chatgpt-com\/49hm7q\/1302721494\/h\/6p7bTnj7v8u-3bL3DGOnhvGbScmS2wMMHeON15Jt49c\" target=\"_blank\" rel=\"noopener\" data-saferedirecturl=\"https:\/\/www.google.com\/url?q=https:\/\/lac.unglobalcompact.org\/e\/989942\/3M-ZPIV-utm-source-chatgpt-com\/49hm7q\/1302721494\/h\/6p7bTnj7v8u-3bL3DGOnhvGbScmS2wMMHeON15Jt49c&amp;source=gmail&amp;ust=1756818645562000&amp;usg=AOvVaw0zBDd39gRsiv9C6zNElpaK\">https:\/\/lac.unglobalcompact.org\/e\/989942\/dw8u-eJfnc-si-frE2A3kB73M-ZPIV\/49hm7m\/1302721494\/h\/6p7bTnj7v8u-3bL3DGOnhvGbScmS2wMMHeON15Jt49c<\/a>\n\n<img decoding=\"async\" class=\"an1\" src=\"https:\/\/fonts.gstatic.com\/s\/e\/notoemoji\/16.0\/1f4cc\/72.png\" alt=\"\ud83d\udccc\" width=\"27\" height=\"27\" data-emoji=\"\ud83d\udccc\" aria-label=\"\ud83d\udccc\" \/>\u00a0Necesidades reales en territorio: el apoyo de las fundaciones\n<a href=\"https:\/\/lac.unglobalcompact.org\/e\/989942\/Yn86ny7-utm-source-chatgpt-com\/49hm7x\/1302721494\/h\/6p7bTnj7v8u-3bL3DGOnhvGbScmS2wMMHeON15Jt49c\" target=\"_blank\" rel=\"noopener\" data-saferedirecturl=\"https:\/\/www.google.com\/url?q=https:\/\/lac.unglobalcompact.org\/e\/989942\/Yn86ny7-utm-source-chatgpt-com\/49hm7x\/1302721494\/h\/6p7bTnj7v8u-3bL3DGOnhvGbScmS2wMMHeON15Jt49c&amp;source=gmail&amp;ust=1756818645562000&amp;usg=AOvVaw0ds1SyJhqw5w3wypohOZjI\">https:\/\/lac.unglobalcompact.org\/e\/989942\/N01uE-0Oqg-si-KMlpAbvnMYn86ny7\/49hm7t\/1302721494\/h\/6p7bTnj7v8u-3bL3DGOnhvGbScmS2wMMHeON15Jt49c<\/a>\n\n<img decoding=\"async\" class=\"an1\" src=\"https:\/\/fonts.gstatic.com\/s\/e\/notoemoji\/16.0\/1f33f\/72.png\" alt=\"\ud83c\udf3f\" width=\"27\" height=\"27\" data-emoji=\"\ud83c\udf3f\" aria-label=\"\ud83c\udf3f\" \/>\u00a0Este espacio de aprendizaje y reflexi\u00f3n fue posible gracias al valioso apoyo de\u00a0<strong>Cervecer\u00eda Boliviana Nacional (CBN)<\/strong>\u00a0como BigChanger 2025, y a los expositores de las organizaciones e instituciones: Gobierno Aut\u00f3nomo Departamental de Santa Cruz, Mesa de Manejo Integral del Fuego (MMIF), Asociaci\u00f3n de Bomberos Forestales Quebracho, Sistema de las Naciones Unidas en Bolivia, WWF Bolivia, Fundaci\u00f3n para la Conservaci\u00f3n del Bosque Chiquitano, Fundaci\u00f3n Profin y Comunidad Inti Wara Yassi.\n\n&nbsp;\t\t\t\t\t\t\t\t<\/div>\n\t\t\t\t<\/div>\n\t\t\t\t\t<\/div>\n\t\t\t\t<\/div>\n\t\t<div class=\"elementor-element elementor-element-6776d48 e-flex e-con-boxed wpr-particle-no wpr-jarallax-no wpr-parallax-no wpr-sticky-section-no e-con e-parent\" data-id=\"6776d48\" data-element_type=\"container\" data-settings=\"{&quot;_ha_eqh_enable&quot;:false}\">\n\t\t\t\t\t<div class=\"e-con-inner\">\n\t\t\t\t<div class=\"elementor-element elementor-element-1887fe1 elementor-widget elementor-widget-image\" data-id=\"1887fe1\" data-element_type=\"widget\" data-widget_type=\"image.default\">\n\t\t\t\t<div class=\"elementor-widget-container\">\n\t\t\t\t\t\t\t\t\t\t\t\t\t\t\t<img decoding=\"async\" src=\"https:\/\/lapaz.bo\/redcooperacion\/wp-content\/plugins\/elementor\/assets\/images\/placeholder.png\" title=\"\" alt=\"\" loading=\"lazy\" \/>\t\t\t\t\t\t\t\t\t\t\t\t\t\t\t<\/div>\n\t\t\t\t<\/div>\n\t\t\t\t\t<\/div>\n\t\t\t\t<\/div>\n\t\t<div class=\"elementor-element elementor-element-dba7dea e-flex e-con-boxed wpr-particle-no wpr-jarallax-no wpr-parallax-no wpr-sticky-section-no e-con e-parent\" data-id=\"dba7dea\" data-element_type=\"container\" data-settings=\"{&quot;_ha_eqh_enable&quot;:false}\">\n\t\t\t\t\t<div class=\"e-con-inner\">\n\t\t\t\t<div class=\"elementor-element elementor-element-6e9f24f elementor-widget elementor-widget-image\" data-id=\"6e9f24f\" data-element_type=\"widget\" data-widget_type=\"image.default\">\n\t\t\t\t<div class=\"elementor-widget-container\">\n\t\t\t\t\t\t\t\t\t\t\t\t\t\t\t<img decoding=\"async\" src=\"https:\/\/lapaz.bo\/redcooperacion\/wp-content\/plugins\/elementor\/assets\/images\/placeholder.png\" title=\"\" alt=\"\" loading=\"lazy\" \/>\t\t\t\t\t\t\t\t\t\t\t\t\t\t\t<\/div>\n\t\t\t\t<\/div>\n\t\t\t\t\t<\/div>\n\t\t\t\t<\/div>\n\t\t\t\t<\/div>\n\t\t","protected":false},"excerpt":{"rendered":"<p>La pasada semana culmin\u00f3 el ciclo de webinars sobre Emergencias Clim\u00e1ticas del Pacto Global Red Bolivia con la participaci\u00f3n de m\u00e1s de 145 personas y organizaciones Durante estas sesiones, se&#8230;<\/p>\n","protected":false},"author":28,"featured_media":0,"comment_status":"open","ping_status":"open","sticky":false,"template":"","format":"standard","meta":{"_acf_changed":false,"_bbp_topic_count":0,"_bbp_reply_count":0,"_bbp_total_topic_count":0,"_bbp_total_reply_count":0,"_bbp_voice_count":0,"_bbp_anonymous_reply_count":0,"_bbp_topic_count_hidden":0,"_bbp_reply_count_hidden":0,"_bbp_forum_subforum_count":0,"site-sidebar-layout":"default","site-content-layout":"","ast-site-content-layout":"","site-content-style":"default","site-sidebar-style":"default","ast-global-header-display":"","ast-banner-title-visibility":"","ast-main-header-display":"","ast-hfb-above-header-display":"","ast-hfb-below-header-display":"","ast-hfb-mobile-header-display":"","site-post-title":"","ast-breadcrumbs-content":"","ast-featured-img":"","footer-sml-layout":"","theme-transparent-header-meta":"","adv-header-id-meta":"","stick-header-meta":"","header-above-stick-meta":"","header-main-stick-meta":"","header-below-stick-meta":"","astra-migrate-meta-layouts":"default","ast-page-background-enabled":"default","ast-page-background-meta":{"desktop":{"background-color":"var(--ast-global-color-4)","background-image":"","background-repeat":"repeat","background-position":"center center","background-size":"auto","background-attachment":"scroll","background-type":"","background-media":"","overlay-type":"","overlay-color":"","overlay-opacity":"","overlay-gradient":""},"tablet":{"background-color":"","background-image":"","background-repeat":"repeat","background-position":"center center","background-size":"auto","background-attachment":"scroll","background-type":"","background-media":"","overlay-type":"","overlay-color":"","overlay-opacity":"","overlay-gradient":""},"mobile":{"background-color":"","background-image":"","background-repeat":"repeat","background-position":"center center","background-size":"auto","background-attachment":"scroll","background-type":"","background-media":"","overlay-type":"","overlay-color":"","overlay-opacity":"","overlay-gradient":""}},"ast-content-background-meta":{"desktop":{"background-color":"var(--ast-global-color-5)","background-image":"","background-repeat":"repeat","background-position":"center center","background-size":"auto","background-attachment":"scroll","background-type":"","background-media":"","overlay-type":"","overlay-color":"","overlay-opacity":"","overlay-gradient":""},"tablet":{"background-color":"var(--ast-global-color-5)","background-image":"","background-repeat":"repeat","background-position":"center center","background-size":"auto","background-attachment":"scroll","background-type":"","background-media":"","overlay-type":"","overlay-color":"","overlay-opacity":"","overlay-gradient":""},"mobile":{"background-color":"var(--ast-global-color-5)","background-image":"","background-repeat":"repeat","background-position":"center center","background-size":"auto","background-attachment":"scroll","background-type":"","background-media":"","overlay-type":"","overlay-color":"","overlay-opacity":"","overlay-gradient":""}},"footnotes":""},"categories":[5],"tags":[],"class_list":["post-5195","post","type-post","status-publish","format-standard","hentry","category-noticias"],"acf":[],"_links":{"self":[{"href":"https:\/\/lapaz.bo\/redcooperacion\/wp-json\/wp\/v2\/posts\/5195","targetHints":{"allow":["GET"]}}],"collection":[{"href":"https:\/\/lapaz.bo\/redcooperacion\/wp-json\/wp\/v2\/posts"}],"about":[{"href":"https:\/\/lapaz.bo\/redcooperacion\/wp-json\/wp\/v2\/types\/post"}],"author":[{"embeddable":true,"href":"https:\/\/lapaz.bo\/redcooperacion\/wp-json\/wp\/v2\/users\/28"}],"replies":[{"embeddable":true,"href":"https:\/\/lapaz.bo\/redcooperacion\/wp-json\/wp\/v2\/comments?post=5195"}],"version-history":[{"count":3,"href":"https:\/\/lapaz.bo\/redcooperacion\/wp-json\/wp\/v2\/posts\/5195\/revisions"}],"predecessor-version":[{"id":5198,"href":"https:\/\/lapaz.bo\/redcooperacion\/wp-json\/wp\/v2\/posts\/5195\/revisions\/5198"}],"wp:attachment":[{"href":"https:\/\/lapaz.bo\/redcooperacion\/wp-json\/wp\/v2\/media?parent=5195"}],"wp:term":[{"taxonomy":"category","embeddable":true,"href":"https:\/\/lapaz.bo\/redcooperacion\/wp-json\/wp\/v2\/categories?post=5195"},{"taxonomy":"post_tag","embeddable":true,"href":"https:\/\/lapaz.bo\/redcooperacion\/wp-json\/wp\/v2\/tags?post=5195"}],"curies":[{"name":"wp","href":"https:\/\/api.w.org\/{rel}","templated":true}]}}