{"id":5097,"date":"2025-06-18T15:54:39","date_gmt":"2025-06-18T19:54:39","guid":{"rendered":"https:\/\/lapaz.bo\/redcooperacion\/?p=5097"},"modified":"2025-06-18T15:58:55","modified_gmt":"2025-06-18T19:58:55","slug":"embajada-de-india-en-bolivia-y-la-alcaldia-pacena-se-reunen-para-perfilar-diversos-temas-de-cooperacion","status":"publish","type":"post","link":"https:\/\/lapaz.bo\/redcooperacion\/embajada-de-india-en-bolivia-y-la-alcaldia-pacena-se-reunen-para-perfilar-diversos-temas-de-cooperacion\/","title":{"rendered":"Embajada de India en Bolivia y la Alcald\u00eda Pace\u00f1a se re\u00fanen para perfilar diversos temas de cooperaci\u00f3n"},"content":{"rendered":"\t\t<div data-elementor-type=\"wp-post\" data-elementor-id=\"5097\" class=\"elementor elementor-5097\" data-elementor-settings=\"{&quot;ha_cmc_init_switcher&quot;:&quot;no&quot;}\">\n\t\t\t\t<div class=\"elementor-element elementor-element-1c5d4c3 e-flex e-con-boxed wpr-particle-no wpr-jarallax-no wpr-parallax-no wpr-sticky-section-no e-con e-parent\" data-id=\"1c5d4c3\" data-element_type=\"container\" data-settings=\"{&quot;_ha_eqh_enable&quot;:false}\">\n\t\t\t\t\t<div class=\"e-con-inner\">\n\t\t\t\t<div class=\"elementor-element elementor-element-af65add elementor-widget elementor-widget-image\" data-id=\"af65add\" data-element_type=\"widget\" data-widget_type=\"image.default\">\n\t\t\t\t<div class=\"elementor-widget-container\">\n\t\t\t\t\t\t\t\t\t\t\t\t\t\t\t<img fetchpriority=\"high\" decoding=\"async\" width=\"567\" height=\"346\" src=\"https:\/\/lapaz.bo\/redcooperacion\/wp-content\/uploads\/2025\/06\/india.png\" class=\"attachment-large size-large wp-image-5098\" alt=\"\" srcset=\"https:\/\/lapaz.bo\/redcooperacion\/wp-content\/uploads\/2025\/06\/india.png 567w, https:\/\/lapaz.bo\/redcooperacion\/wp-content\/uploads\/2025\/06\/india-300x183.png 300w\" sizes=\"(max-width: 567px) 100vw, 567px\" \/>\t\t\t\t\t\t\t\t\t\t\t\t\t\t\t<\/div>\n\t\t\t\t<\/div>\n\t\t\t\t\t<\/div>\n\t\t\t\t<\/div>\n\t\t<div class=\"elementor-element elementor-element-a8cca76 e-flex e-con-boxed wpr-particle-no wpr-jarallax-no wpr-parallax-no wpr-sticky-section-no e-con e-parent\" data-id=\"a8cca76\" data-element_type=\"container\" data-settings=\"{&quot;_ha_eqh_enable&quot;:false}\">\n\t\t\t\t\t<div class=\"e-con-inner\">\n\t\t\t\t<div class=\"elementor-element elementor-element-1661e1a elementor-widget elementor-widget-text-editor\" data-id=\"1661e1a\" data-element_type=\"widget\" data-widget_type=\"text-editor.default\">\n\t\t\t\t<div class=\"elementor-widget-container\">\n\t\t\t\t\t\t\t\t\t<p>El alcalde de La Paz, Iv\u00e1n Arias, y el embajador de India en Bolivia, Rohit Kumar R. Vadhwana, se reunieron la ma\u00f1ana de este jueves para intercambiar ideas y planes sobre actividades conjuntas en diversos temas de cooperaci\u00f3n que permitan fortalecer los lazos de amistad y cooperaci\u00f3n entre su pa\u00eds y nuestra comuna.<\/p><p>En una amena reuni\u00f3n, tanto el Alcalde Arias como el embajador Vadhwana expresaron su deseo de colaboraci\u00f3n mutua en beneficio de la ciudad.<\/p><p>Entre los diversos temas de cooperaci\u00f3n mutua destacaron: La movilidad urbana sostenible, donde el Burgomaestre explico los desaf\u00edos que tiene el municipio para contar con un transporte limpio hasta el 2035. Se habl\u00f3 sobre la posibilidad de facilitar la importaci\u00f3n de materiales de alta calidad para la confecci\u00f3n de nuevas versiones de la Mochila Escolar. El plan anual de Becas de estudio que otorga el pa\u00eds de la India y que podr\u00edan beneficiar a nuestros j\u00f3venes pace\u00f1os. As\u00ed como, el intercambio art\u00edstico y cultural entre nuestros pa\u00edses, donde se perfil\u00f3 la idea de realizar una Feria de la Cultura India en nuestra ciudad con la participaci\u00f3n de un artista o conjunto musical tra\u00eddo desde ese pa\u00eds.<br \/><br \/><\/p>\t\t\t\t\t\t\t\t<\/div>\n\t\t\t\t<\/div>\n\t\t\t\t\t<\/div>\n\t\t\t\t<\/div>\n\t\t<div class=\"elementor-element elementor-element-d27f2d1 e-flex e-con-boxed wpr-particle-no wpr-jarallax-no wpr-parallax-no wpr-sticky-section-no e-con e-parent\" data-id=\"d27f2d1\" data-element_type=\"container\" data-settings=\"{&quot;_ha_eqh_enable&quot;:false}\">\n\t\t\t\t\t<div class=\"e-con-inner\">\n\t\t\t\t<div class=\"elementor-element elementor-element-367ab91 elementor-widget elementor-widget-image\" data-id=\"367ab91\" data-element_type=\"widget\" data-widget_type=\"image.default\">\n\t\t\t\t<div class=\"elementor-widget-container\">\n\t\t\t\t\t\t\t\t\t\t\t\t\t\t\t<img decoding=\"async\" width=\"567\" height=\"339\" src=\"https:\/\/lapaz.bo\/redcooperacion\/wp-content\/uploads\/2025\/06\/india2.png\" class=\"attachment-large size-large wp-image-5101\" alt=\"\" srcset=\"https:\/\/lapaz.bo\/redcooperacion\/wp-content\/uploads\/2025\/06\/india2.png 567w, https:\/\/lapaz.bo\/redcooperacion\/wp-content\/uploads\/2025\/06\/india2-300x179.png 300w\" sizes=\"(max-width: 567px) 100vw, 567px\" \/>\t\t\t\t\t\t\t\t\t\t\t\t\t\t\t<\/div>\n\t\t\t\t<\/div>\n\t\t\t\t\t<\/div>\n\t\t\t\t<\/div>\n\t\t<div class=\"elementor-element elementor-element-abb1dd7 e-flex e-con-boxed wpr-particle-no wpr-jarallax-no wpr-parallax-no wpr-sticky-section-no e-con e-parent\" data-id=\"abb1dd7\" data-element_type=\"container\" data-settings=\"{&quot;_ha_eqh_enable&quot;:false}\">\n\t\t\t\t\t<div class=\"e-con-inner\">\n\t\t\t\t<div class=\"elementor-element elementor-element-8fb8077 elementor-widget elementor-widget-text-editor\" data-id=\"8fb8077\" data-element_type=\"widget\" data-widget_type=\"text-editor.default\">\n\t\t\t\t<div class=\"elementor-widget-container\">\n\t\t\t\t\t\t\t\t\t<p>La reuni\u00f3n tambi\u00e9n cont\u00f3 con la presencia del Secretario Municipal de Culturas, Am\u00e9rico Gemio, quien realizo una explicaci\u00f3n del evento cultural m\u00e1s pr\u00f3ximo de nuestro municipio: La festividad del Se\u00f1or de Gran Poder, evento al cual el representante de la India fue cordialmente invitado.\u00a0<\/p><p>En este \u00e1mbito cultural, como primera acci\u00f3n, el diplom\u00e1tico explic\u00f3 a Arias su deseo de organizar un evento de Yoga en conmemoraci\u00f3n de d\u00eda internacional de esta disciplina el 21 de junio, a lo que el Alcalde Arias puso a su disposici\u00f3n el renovado Mirador La Paz como emplazamiento para esta actividad.<\/p>\t\t\t\t\t\t\t\t<\/div>\n\t\t\t\t<\/div>\n\t\t\t\t\t<\/div>\n\t\t\t\t<\/div>\n\t\t<div class=\"elementor-element elementor-element-0422249 e-flex e-con-boxed wpr-particle-no wpr-jarallax-no wpr-parallax-no wpr-sticky-section-no e-con e-parent\" data-id=\"0422249\" data-element_type=\"container\" data-settings=\"{&quot;_ha_eqh_enable&quot;:false}\">\n\t\t\t\t\t<div class=\"e-con-inner\">\n\t\t\t\t<div class=\"elementor-element elementor-element-bdf6125 elementor-widget elementor-widget-image\" data-id=\"bdf6125\" data-element_type=\"widget\" data-widget_type=\"image.default\">\n\t\t\t\t<div class=\"elementor-widget-container\">\n\t\t\t\t\t\t\t\t\t\t\t\t\t\t\t<img decoding=\"async\" width=\"563\" height=\"367\" src=\"https:\/\/lapaz.bo\/redcooperacion\/wp-content\/uploads\/2025\/06\/india3.png\" class=\"attachment-large size-large wp-image-5100\" alt=\"\" srcset=\"https:\/\/lapaz.bo\/redcooperacion\/wp-content\/uploads\/2025\/06\/india3.png 563w, https:\/\/lapaz.bo\/redcooperacion\/wp-content\/uploads\/2025\/06\/india3-300x196.png 300w\" sizes=\"(max-width: 563px) 100vw, 563px\" \/>\t\t\t\t\t\t\t\t\t\t\t\t\t\t\t<\/div>\n\t\t\t\t<\/div>\n\t\t\t\t\t<\/div>\n\t\t\t\t<\/div>\n\t\t<div class=\"elementor-element elementor-element-14ce4fd e-flex e-con-boxed wpr-particle-no wpr-jarallax-no wpr-parallax-no wpr-sticky-section-no e-con e-parent\" data-id=\"14ce4fd\" data-element_type=\"container\" data-settings=\"{&quot;_ha_eqh_enable&quot;:false}\">\n\t\t\t\t\t<div class=\"e-con-inner\">\n\t\t\t\t<div class=\"elementor-element elementor-element-e05d664 elementor-widget elementor-widget-text-editor\" data-id=\"e05d664\" data-element_type=\"widget\" data-widget_type=\"text-editor.default\">\n\t\t\t\t<div class=\"elementor-widget-container\">\n\t\t\t\t\t\t\t\t\t<p>Finalmente, ambas autoridades procedieron a realizar un intercambio de presentes, considerando que esta es la primera vez que este alto diplom\u00e1tico se presenta a esta comuna desde su arribo al pa\u00eds.<\/p>\t\t\t\t\t\t\t\t<\/div>\n\t\t\t\t<\/div>\n\t\t\t\t\t<\/div>\n\t\t\t\t<\/div>\n\t\t\t\t<\/div>\n\t\t","protected":false},"excerpt":{"rendered":"<p>El alcalde de La Paz, Iv\u00e1n Arias, y el embajador de India en Bolivia, Rohit Kumar R. Vadhwana, se reunieron la ma\u00f1ana de este jueves para intercambiar ideas y planes&#8230;<\/p>\n","protected":false},"author":1,"featured_media":5098,"comment_status":"open","ping_status":"open","sticky":false,"template":"","format":"standard","meta":{"_acf_changed":false,"_bbp_topic_count":0,"_bbp_reply_count":0,"_bbp_total_topic_count":0,"_bbp_total_reply_count":0,"_bbp_voice_count":0,"_bbp_anonymous_reply_count":0,"_bbp_topic_count_hidden":0,"_bbp_reply_count_hidden":0,"_bbp_forum_subforum_count":0,"site-sidebar-layout":"default","site-content-layout":"","ast-site-content-layout":"default","site-content-style":"default","site-sidebar-style":"default","ast-global-header-display":"","ast-banner-title-visibility":"","ast-main-header-display":"","ast-hfb-above-header-display":"","ast-hfb-below-header-display":"","ast-hfb-mobile-header-display":"","site-post-title":"","ast-breadcrumbs-content":"","ast-featured-img":"","footer-sml-layout":"","theme-transparent-header-meta":"default","adv-header-id-meta":"","stick-header-meta":"","header-above-stick-meta":"","header-main-stick-meta":"","header-below-stick-meta":"","astra-migrate-meta-layouts":"set","ast-page-background-enabled":"default","ast-page-background-meta":{"desktop":{"background-color":"var(--ast-global-color-4)","background-image":"","background-repeat":"repeat","background-position":"center center","background-size":"auto","background-attachment":"scroll","background-type":"","background-media":"","overlay-type":"","overlay-color":"","overlay-opacity":"","overlay-gradient":""},"tablet":{"background-color":"","background-image":"","background-repeat":"repeat","background-position":"center center","background-size":"auto","background-attachment":"scroll","background-type":"","background-media":"","overlay-type":"","overlay-color":"","overlay-opacity":"","overlay-gradient":""},"mobile":{"background-color":"","background-image":"","background-repeat":"repeat","background-position":"center center","background-size":"auto","background-attachment":"scroll","background-type":"","background-media":"","overlay-type":"","overlay-color":"","overlay-opacity":"","overlay-gradient":""}},"ast-content-background-meta":{"desktop":{"background-color":"var(--ast-global-color-5)","background-image":"","background-repeat":"repeat","background-position":"center center","background-size":"auto","background-attachment":"scroll","background-type":"","background-media":"","overlay-type":"","overlay-color":"","overlay-opacity":"","overlay-gradient":""},"tablet":{"background-color":"var(--ast-global-color-5)","background-image":"","background-repeat":"repeat","background-position":"center center","background-size":"auto","background-attachment":"scroll","background-type":"","background-media":"","overlay-type":"","overlay-color":"","overlay-opacity":"","overlay-gradient":""},"mobile":{"background-color":"var(--ast-global-color-5)","background-image":"","background-repeat":"repeat","background-position":"center center","background-size":"auto","background-attachment":"scroll","background-type":"","background-media":"","overlay-type":"","overlay-color":"","overlay-opacity":"","overlay-gradient":""}},"footnotes":""},"categories":[5],"tags":[],"class_list":["post-5097","post","type-post","status-publish","format-standard","has-post-thumbnail","hentry","category-noticias"],"acf":[],"_links":{"self":[{"href":"https:\/\/lapaz.bo\/redcooperacion\/wp-json\/wp\/v2\/posts\/5097","targetHints":{"allow":["GET"]}}],"collection":[{"href":"https:\/\/lapaz.bo\/redcooperacion\/wp-json\/wp\/v2\/posts"}],"about":[{"href":"https:\/\/lapaz.bo\/redcooperacion\/wp-json\/wp\/v2\/types\/post"}],"author":[{"embeddable":true,"href":"https:\/\/lapaz.bo\/redcooperacion\/wp-json\/wp\/v2\/users\/1"}],"replies":[{"embeddable":true,"href":"https:\/\/lapaz.bo\/redcooperacion\/wp-json\/wp\/v2\/comments?post=5097"}],"version-history":[{"count":4,"href":"https:\/\/lapaz.bo\/redcooperacion\/wp-json\/wp\/v2\/posts\/5097\/revisions"}],"predecessor-version":[{"id":5105,"href":"https:\/\/lapaz.bo\/redcooperacion\/wp-json\/wp\/v2\/posts\/5097\/revisions\/5105"}],"wp:featuredmedia":[{"embeddable":true,"href":"https:\/\/lapaz.bo\/redcooperacion\/wp-json\/wp\/v2\/media\/5098"}],"wp:attachment":[{"href":"https:\/\/lapaz.bo\/redcooperacion\/wp-json\/wp\/v2\/media?parent=5097"}],"wp:term":[{"taxonomy":"category","embeddable":true,"href":"https:\/\/lapaz.bo\/redcooperacion\/wp-json\/wp\/v2\/categories?post=5097"},{"taxonomy":"post_tag","embeddable":true,"href":"https:\/\/lapaz.bo\/redcooperacion\/wp-json\/wp\/v2\/tags?post=5097"}],"curies":[{"name":"wp","href":"https:\/\/api.w.org\/{rel}","templated":true}]}}