{"id":5076,"date":"2025-05-20T11:05:53","date_gmt":"2025-05-20T15:05:53","guid":{"rendered":"https:\/\/lapaz.bo\/redcooperacion\/?p=5076"},"modified":"2025-05-20T11:07:53","modified_gmt":"2025-05-20T15:07:53","slug":"oportunidad-para-gestores-de-politicas-verdes","status":"publish","type":"post","link":"https:\/\/lapaz.bo\/redcooperacion\/oportunidad-para-gestores-de-politicas-verdes\/","title":{"rendered":"\u00a1OPORTUNIDAD PARA GESTORES DE POLITICAS VERDES!"},"content":{"rendered":"\t\t<div data-elementor-type=\"wp-post\" data-elementor-id=\"5076\" class=\"elementor elementor-5076\" data-elementor-settings=\"{&quot;ha_cmc_init_switcher&quot;:&quot;no&quot;}\">\n\t\t\t\t<div class=\"elementor-element elementor-element-c40e1a5 e-flex e-con-boxed wpr-particle-no wpr-jarallax-no wpr-parallax-no wpr-sticky-section-no e-con e-parent\" data-id=\"c40e1a5\" data-element_type=\"container\" data-settings=\"{&quot;_ha_eqh_enable&quot;:false}\">\n\t\t\t\t\t<div class=\"e-con-inner\">\n\t\t\t\t<div class=\"elementor-element elementor-element-806ff57 elementor-widget elementor-widget-image\" data-id=\"806ff57\" data-element_type=\"widget\" data-widget_type=\"image.default\">\n\t\t\t\t<div class=\"elementor-widget-container\">\n\t\t\t\t\t\t\t\t\t\t\t\t\t\t\t<img fetchpriority=\"high\" decoding=\"async\" width=\"1024\" height=\"627\" src=\"https:\/\/lapaz.bo\/redcooperacion\/wp-content\/uploads\/2025\/05\/bohl-1024x627.png\" class=\"attachment-large size-large wp-image-5077\" alt=\"\" srcset=\"https:\/\/lapaz.bo\/redcooperacion\/wp-content\/uploads\/2025\/05\/bohl-1024x627.png 1024w, https:\/\/lapaz.bo\/redcooperacion\/wp-content\/uploads\/2025\/05\/bohl-300x184.png 300w, https:\/\/lapaz.bo\/redcooperacion\/wp-content\/uploads\/2025\/05\/bohl-768x470.png 768w, https:\/\/lapaz.bo\/redcooperacion\/wp-content\/uploads\/2025\/05\/bohl.png 1190w\" sizes=\"(max-width: 1024px) 100vw, 1024px\" \/>\t\t\t\t\t\t\t\t\t\t\t\t\t\t\t<\/div>\n\t\t\t\t<\/div>\n\t\t\t\t\t<\/div>\n\t\t\t\t<\/div>\n\t\t<div class=\"elementor-element elementor-element-6c11aa1 e-flex e-con-boxed wpr-particle-no wpr-jarallax-no wpr-parallax-no wpr-sticky-section-no e-con e-parent\" data-id=\"6c11aa1\" data-element_type=\"container\" data-settings=\"{&quot;_ha_eqh_enable&quot;:false}\">\n\t\t\t\t\t<div class=\"e-con-inner\">\n\t\t\t\t<div class=\"elementor-element elementor-element-6e9c851 elementor-widget elementor-widget-text-editor\" data-id=\"6e9c851\" data-element_type=\"widget\" data-widget_type=\"text-editor.default\">\n\t\t\t\t<div class=\"elementor-widget-container\">\n\t\t\t\t\t\t\t\t\t<p>\u00a1OPORTUNIDAD PARA GESTORES DE POLITICAS VERDES!<br \/>\ud83d\udce2 Se abren las solicitudes para el Programa de Becas de Pol\u00edtica Exterior Verde<br \/>\ud83d\udea8 Fecha l\u00edmite: 31 de mayo de 2025<\/p><p>La Fundaci\u00f3n Heinrich B\u00f6ll se complace en anunciar la primera edici\u00f3n de su Beca de Pol\u00edtica Exterior Verde destinada a apoyar a acad\u00e9micos, profesionales y expertos de todo el mundo para impulsar debates cr\u00edticos, brindar espacio, acceso y experiencia en el \u00e1mbito de la pol\u00edtica exterior y de seguridad progresista.<\/p><p>El programa se centrar\u00e1 cr\u00edticamente en c\u00f3mo impulsar una pol\u00edtica exterior y de seguridad verde, profundizando en los puntos de referencia encontrados y explorando nuevas v\u00edas en este proceso. La beca cubrir\u00e1 los gastos de viaje y alojamiento de los participantes para asistir a eventos relevantes, proporcionar\u00e1 un estipendio durante el primer semestre, durante el cual se dedicar\u00e1 principalmente a la producci\u00f3n de material, y apoyar\u00e1 la presentaci\u00f3n del trabajo de los participantes y las actividades de networking durante el segundo semestre.<\/p><p>\ud83d\udcb0 Beneficios<br \/>\u2714\ufe0f Estipendio: Se proporcionar\u00e1 una suma de 6.000,00 euros en cuotas durante el primer semestre de la beca.<br \/>\u2714\ufe0f Gastos de viaje: En la medida de lo posible, la Fundaci\u00f3n Heinrich B\u00f6ll cubrir\u00e1 los gastos de viaje en el marco de esta beca.<br \/>\u2714\ufe0f Tramitaci\u00f3n de visados: De ser necesario, la Fundaci\u00f3n apoyar\u00e1 el proceso de solicitud de visado mediante una carta de invitaci\u00f3n oficial. Tenga en cuenta que la Fundaci\u00f3n no puede garantizar que los visados \u200b\u200bse tramiten a tiempo.<br \/>\u2714\ufe0f Visibilidad y difusi\u00f3n: Los becarios seleccionados ser\u00e1n promocionados en redes sociales y otros medios de comunicaci\u00f3n para crear una presencia online visible en torno a sus objetivos y difundir mensajes pol\u00edticos importantes relacionados con su trabajo.<br \/>\u2714\ufe0f Red de antiguos alumnos: Los candidatos deben postularse con el objetivo de formar parte de una red creciente de pensadores progresistas que se apoyan mutuamente para promover una nueva visi\u00f3n de la pol\u00edtica exterior y de seguridad. Al finalizar su beca, los participantes recibir\u00e1n el t\u00edtulo de Green Foreign Policy Scholar y formar\u00e1n parte de la Red de Antiguos Alumnos de la Fundaci\u00f3n Heinrich B\u00f6ll de Tesal\u00f3nica.<\/p><p>\ud83d\udce2 Criterios de Elegibilidad<br \/>\u2705 Se buscan candidatos de todos los continentes.<br \/>\u2705 Se buscan candidatos que sean pensadores emergentes o experimentados en el \u00e1mbito de la pol\u00edtica exterior y de seguridad, con inter\u00e9s en trabajar con una perspectiva progresista en diversos temas.<br \/>\u2705 Se anima a j\u00f3venes graduados con una licenciatura en relaciones internacionales o ciencias pol\u00edticas a postularse. Tambi\u00e9n se valoran perfiles con mayor experiencia, como profesionales, estudiantes de doctorado actuales o potenciales, y doctorandos en campos pertinentes.<\/p><p>INFO: <a href=\"https:\/\/gr.boell.org\/en\/2025\/05\/05\/applications-green-foreign-policy-fellowship-are-now-open\">https:\/\/gr.boell.org\/en\/2025\/05\/05\/applications-green-foreign-policy-fellowship-are-now-open<\/a><\/p>\t\t\t\t\t\t\t\t<\/div>\n\t\t\t\t<\/div>\n\t\t\t\t\t<\/div>\n\t\t\t\t<\/div>\n\t\t\t\t<\/div>\n\t\t","protected":false},"excerpt":{"rendered":"<p>\u00a1OPORTUNIDAD PARA GESTORES DE POLITICAS VERDES!\ud83d\udce2 Se abren las solicitudes para el Programa de Becas de Pol\u00edtica Exterior Verde\ud83d\udea8 Fecha l\u00edmite: 31 de mayo de 2025 La Fundaci\u00f3n Heinrich B\u00f6ll&#8230;<\/p>\n","protected":false},"author":1,"featured_media":5077,"comment_status":"open","ping_status":"open","sticky":false,"template":"","format":"standard","meta":{"_acf_changed":false,"_bbp_topic_count":0,"_bbp_reply_count":0,"_bbp_total_topic_count":0,"_bbp_total_reply_count":0,"_bbp_voice_count":0,"_bbp_anonymous_reply_count":0,"_bbp_topic_count_hidden":0,"_bbp_reply_count_hidden":0,"_bbp_forum_subforum_count":0,"site-sidebar-layout":"default","site-content-layout":"","ast-site-content-layout":"default","site-content-style":"default","site-sidebar-style":"default","ast-global-header-display":"","ast-banner-title-visibility":"","ast-main-header-display":"","ast-hfb-above-header-display":"","ast-hfb-below-header-display":"","ast-hfb-mobile-header-display":"","site-post-title":"","ast-breadcrumbs-content":"","ast-featured-img":"","footer-sml-layout":"","theme-transparent-header-meta":"default","adv-header-id-meta":"","stick-header-meta":"","header-above-stick-meta":"","header-main-stick-meta":"","header-below-stick-meta":"","astra-migrate-meta-layouts":"set","ast-page-background-enabled":"default","ast-page-background-meta":{"desktop":{"background-color":"var(--ast-global-color-4)","background-image":"","background-repeat":"repeat","background-position":"center center","background-size":"auto","background-attachment":"scroll","background-type":"","background-media":"","overlay-type":"","overlay-color":"","overlay-opacity":"","overlay-gradient":""},"tablet":{"background-color":"","background-image":"","background-repeat":"repeat","background-position":"center center","background-size":"auto","background-attachment":"scroll","background-type":"","background-media":"","overlay-type":"","overlay-color":"","overlay-opacity":"","overlay-gradient":""},"mobile":{"background-color":"","background-image":"","background-repeat":"repeat","background-position":"center center","background-size":"auto","background-attachment":"scroll","background-type":"","background-media":"","overlay-type":"","overlay-color":"","overlay-opacity":"","overlay-gradient":""}},"ast-content-background-meta":{"desktop":{"background-color":"var(--ast-global-color-5)","background-image":"","background-repeat":"repeat","background-position":"center center","background-size":"auto","background-attachment":"scroll","background-type":"","background-media":"","overlay-type":"","overlay-color":"","overlay-opacity":"","overlay-gradient":""},"tablet":{"background-color":"var(--ast-global-color-5)","background-image":"","background-repeat":"repeat","background-position":"center center","background-size":"auto","background-attachment":"scroll","background-type":"","background-media":"","overlay-type":"","overlay-color":"","overlay-opacity":"","overlay-gradient":""},"mobile":{"background-color":"var(--ast-global-color-5)","background-image":"","background-repeat":"repeat","background-position":"center center","background-size":"auto","background-attachment":"scroll","background-type":"","background-media":"","overlay-type":"","overlay-color":"","overlay-opacity":"","overlay-gradient":""}},"footnotes":""},"categories":[27],"tags":[],"class_list":["post-5076","post","type-post","status-publish","format-standard","has-post-thumbnail","hentry","category-convocatorias"],"acf":[],"_links":{"self":[{"href":"https:\/\/lapaz.bo\/redcooperacion\/wp-json\/wp\/v2\/posts\/5076","targetHints":{"allow":["GET"]}}],"collection":[{"href":"https:\/\/lapaz.bo\/redcooperacion\/wp-json\/wp\/v2\/posts"}],"about":[{"href":"https:\/\/lapaz.bo\/redcooperacion\/wp-json\/wp\/v2\/types\/post"}],"author":[{"embeddable":true,"href":"https:\/\/lapaz.bo\/redcooperacion\/wp-json\/wp\/v2\/users\/1"}],"replies":[{"embeddable":true,"href":"https:\/\/lapaz.bo\/redcooperacion\/wp-json\/wp\/v2\/comments?post=5076"}],"version-history":[{"count":4,"href":"https:\/\/lapaz.bo\/redcooperacion\/wp-json\/wp\/v2\/posts\/5076\/revisions"}],"predecessor-version":[{"id":5081,"href":"https:\/\/lapaz.bo\/redcooperacion\/wp-json\/wp\/v2\/posts\/5076\/revisions\/5081"}],"wp:featuredmedia":[{"embeddable":true,"href":"https:\/\/lapaz.bo\/redcooperacion\/wp-json\/wp\/v2\/media\/5077"}],"wp:attachment":[{"href":"https:\/\/lapaz.bo\/redcooperacion\/wp-json\/wp\/v2\/media?parent=5076"}],"wp:term":[{"taxonomy":"category","embeddable":true,"href":"https:\/\/lapaz.bo\/redcooperacion\/wp-json\/wp\/v2\/categories?post=5076"},{"taxonomy":"post_tag","embeddable":true,"href":"https:\/\/lapaz.bo\/redcooperacion\/wp-json\/wp\/v2\/tags?post=5076"}],"curies":[{"name":"wp","href":"https:\/\/api.w.org\/{rel}","templated":true}]}}