{"id":5044,"date":"2025-05-20T10:46:35","date_gmt":"2025-05-20T14:46:35","guid":{"rendered":"https:\/\/lapaz.bo\/redcooperacion\/?p=5044"},"modified":"2025-05-20T10:48:04","modified_gmt":"2025-05-20T14:48:04","slug":"%f0%9f%93%a2-fondo-de-empoderamiento-juvenil-de-network-solutions-fase-2","status":"publish","type":"post","link":"https:\/\/lapaz.bo\/redcooperacion\/%f0%9f%93%a2-fondo-de-empoderamiento-juvenil-de-network-solutions-fase-2\/","title":{"rendered":"\ud83d\udce2 Fondo de Empoderamiento Juvenil de Network Solutions &#8211; Fase 2"},"content":{"rendered":"\t\t<div data-elementor-type=\"wp-post\" data-elementor-id=\"5044\" class=\"elementor elementor-5044\" data-elementor-settings=\"{&quot;ha_cmc_init_switcher&quot;:&quot;no&quot;}\">\n\t\t\t\t<div class=\"elementor-element elementor-element-9a00800 e-flex e-con-boxed wpr-particle-no wpr-jarallax-no wpr-parallax-no wpr-sticky-section-no e-con e-parent\" data-id=\"9a00800\" data-element_type=\"container\" data-settings=\"{&quot;_ha_eqh_enable&quot;:false}\">\n\t\t\t\t\t<div class=\"e-con-inner\">\n\t\t\t\t<div class=\"elementor-element elementor-element-5a5e2f6 elementor-widget elementor-widget-image\" data-id=\"5a5e2f6\" data-element_type=\"widget\" data-widget_type=\"image.default\">\n\t\t\t\t<div class=\"elementor-widget-container\">\n\t\t\t\t\t\t\t\t\t\t\t\t\t\t\t<img fetchpriority=\"high\" decoding=\"async\" width=\"1024\" height=\"796\" src=\"https:\/\/lapaz.bo\/redcooperacion\/wp-content\/uploads\/2025\/05\/youth-1024x796.jpeg\" class=\"attachment-large size-large wp-image-5020\" alt=\"\" srcset=\"https:\/\/lapaz.bo\/redcooperacion\/wp-content\/uploads\/2025\/05\/youth-1024x796.jpeg 1024w, https:\/\/lapaz.bo\/redcooperacion\/wp-content\/uploads\/2025\/05\/youth-300x233.jpeg 300w, https:\/\/lapaz.bo\/redcooperacion\/wp-content\/uploads\/2025\/05\/youth-768x597.jpeg 768w, https:\/\/lapaz.bo\/redcooperacion\/wp-content\/uploads\/2025\/05\/youth.jpeg 1080w\" sizes=\"(max-width: 1024px) 100vw, 1024px\" \/>\t\t\t\t\t\t\t\t\t\t\t\t\t\t\t<\/div>\n\t\t\t\t<\/div>\n\t\t\t\t\t<\/div>\n\t\t\t\t<\/div>\n\t\t<div class=\"elementor-element elementor-element-dc36b55 e-flex e-con-boxed wpr-particle-no wpr-jarallax-no wpr-parallax-no wpr-sticky-section-no e-con e-parent\" data-id=\"dc36b55\" data-element_type=\"container\" data-settings=\"{&quot;_ha_eqh_enable&quot;:false}\">\n\t\t\t\t\t<div class=\"e-con-inner\">\n\t\t\t\t<div class=\"elementor-element elementor-element-36fb704 elementor-widget elementor-widget-text-editor\" data-id=\"36fb704\" data-element_type=\"widget\" data-widget_type=\"text-editor.default\">\n\t\t\t\t<div class=\"elementor-widget-container\">\n\t\t\t\t\t\t\t\t\t<p>\ud83d\udce2 Fondo de Empoderamiento Juvenil de Network Solutions &#8211; Fase 2<br \/>\ud83d\udea8 Fecha l\u00edmite: 18 de mayo de 2025<\/p><p>Ya est\u00e1n abiertas las solicitudes para el Fondo de Empoderamiento Juvenil para derribar las barreras a la financiaci\u00f3n de iniciativas y organizaciones juveniles e involucrar, empoderar y conectar a los j\u00f3venes para crear soluciones locales a los mayores desaf\u00edos del mundo, desde el cambio clim\u00e1tico y la igualdad de g\u00e9nero hasta el acceso a la educaci\u00f3n y el empleo.<\/p><p>\ud83d\udce2 Su objetivo es brindar oportunidades de mentor\u00eda, coaching y fortalecimiento de capacidades, y abrir oportunidades para comunidades marginadas y subrepresentadas. Por lo tanto, los proyectos deben procurar que los j\u00f3venes de grupos marginados o en riesgo tengan la oportunidad de participar. Los grupos de j\u00f3venes incluyen, entre otros, los siguientes:<br \/>\u2714\ufe0f J\u00f3venes que se casaron o fueron padres\/madres en la adolescencia;<br \/>\u2714\ufe0f J\u00f3venes de minor\u00edas \u00e9tnicas;<br \/>\u2714\ufe0f J\u00f3venes que no asist\u00edan a la escuela;<br \/>\u2714\ufe0f J\u00f3venes con discapacidades y problemas de salud f\u00edsica o mental;<br \/>\u2714\ufe0f J\u00f3venes con VIH\/SIDA;<br \/>\u2714\ufe0f J\u00f3venes que se identifican como minor\u00edas no binarias\/sexuales;<br \/>\u2714\ufe0f J\u00f3venes sobrevivientes de violencia de g\u00e9nero (VG);<br \/>\u2714\ufe0f J\u00f3venes ind\u00edgenas.<\/p><p>\ud83d\udcb0 Informaci\u00f3n sobre financiaci\u00f3n<br \/>\u2705 Todos los proyectos podr\u00e1n optar a una subvenci\u00f3n m\u00ednima de 10.000 EUR y m\u00e1xima de 20.000 EUR.<br \/>\u2611\ufe0f Los proyectos multinacionales pueden recibir subvenciones de hasta 30.000 EUR para un m\u00ednimo de tres pa\u00edses.<br \/>\u2611\ufe0f Duraci\u00f3n: Todos los proyectos deben tener una duraci\u00f3n m\u00ednima de 6 meses y m\u00e1xima de 12 meses para la concesi\u00f3n de la subvenci\u00f3n. Se prev\u00e9 que los proyectos comiencen alrededor de julio de 2025, en caso de aprobaci\u00f3n.<\/p><p>\ud83d\udce2 Proyectos Elegibles<br \/>Todos los proyectos de Network Solutions deben ser:<br \/>\u2714\ufe0f Estrat\u00e9gicos: Los proyectos deben estar directamente relacionados con los objetivos generales del Fondo de Empoderamiento Juvenil a trav\u00e9s de la iniciativa Global Youth Mobilization y estar claramente vinculados con la estrategia operativa o el plan de acci\u00f3n del Movimiento Nacional.<br \/>\u2714\ufe0f Alcanzables: Los objetivos, hitos e indicadores deben ser realistas, con un razonamiento claro sobre c\u00f3mo lograr el \u00e9xito y c\u00f3mo se materializa.<br \/>\u2714\ufe0f Marcando una diferencia medible: Los proyectos deben demostrar c\u00f3mo marcar\u00e1n una diferencia para los j\u00f3venes participantes y las comunidades a las que la actividad busca apoyar.<br \/>\u2714\ufe0f Inclusivos: Los proyectos deben generar un desarrollo y una participaci\u00f3n significativos de los j\u00f3venes y otras organizaciones comunitarias, proporcionales a la subvenci\u00f3n recibida.<br \/>\u2714\ufe0f Valor e impacto: El proyecto debe incluir un plan para monitorear y evaluar la implementaci\u00f3n y los resultados del proyecto.<\/p><p>M\u00e1s informaci\u00f3n: <a href=\"https:\/\/www.ymca.int\/apply-now-new-round-of-network-solutions-grants-open-for-ymcas\/\">https:\/\/www.ymca.int\/apply-now-new-round-of-network-solutions-grants-open-for-ymcas\/<\/a><\/p>\t\t\t\t\t\t\t\t<\/div>\n\t\t\t\t<\/div>\n\t\t\t\t\t<\/div>\n\t\t\t\t<\/div>\n\t\t\t\t<\/div>\n\t\t","protected":false},"excerpt":{"rendered":"<p>\ud83d\udce2 Fondo de Empoderamiento Juvenil de Network Solutions &#8211; Fase 2\ud83d\udea8 Fecha l\u00edmite: 18 de mayo de 2025 Ya est\u00e1n abiertas las solicitudes para el Fondo de Empoderamiento Juvenil para&#8230;<\/p>\n","protected":false},"author":1,"featured_media":5020,"comment_status":"open","ping_status":"open","sticky":false,"template":"","format":"standard","meta":{"_acf_changed":false,"_bbp_topic_count":0,"_bbp_reply_count":0,"_bbp_total_topic_count":0,"_bbp_total_reply_count":0,"_bbp_voice_count":0,"_bbp_anonymous_reply_count":0,"_bbp_topic_count_hidden":0,"_bbp_reply_count_hidden":0,"_bbp_forum_subforum_count":0,"site-sidebar-layout":"default","site-content-layout":"","ast-site-content-layout":"default","site-content-style":"default","site-sidebar-style":"default","ast-global-header-display":"","ast-banner-title-visibility":"","ast-main-header-display":"","ast-hfb-above-header-display":"","ast-hfb-below-header-display":"","ast-hfb-mobile-header-display":"","site-post-title":"","ast-breadcrumbs-content":"","ast-featured-img":"","footer-sml-layout":"","theme-transparent-header-meta":"default","adv-header-id-meta":"","stick-header-meta":"","header-above-stick-meta":"","header-main-stick-meta":"","header-below-stick-meta":"","astra-migrate-meta-layouts":"set","ast-page-background-enabled":"default","ast-page-background-meta":{"desktop":{"background-color":"var(--ast-global-color-4)","background-image":"","background-repeat":"repeat","background-position":"center center","background-size":"auto","background-attachment":"scroll","background-type":"","background-media":"","overlay-type":"","overlay-color":"","overlay-opacity":"","overlay-gradient":""},"tablet":{"background-color":"","background-image":"","background-repeat":"repeat","background-position":"center center","background-size":"auto","background-attachment":"scroll","background-type":"","background-media":"","overlay-type":"","overlay-color":"","overlay-opacity":"","overlay-gradient":""},"mobile":{"background-color":"","background-image":"","background-repeat":"repeat","background-position":"center center","background-size":"auto","background-attachment":"scroll","background-type":"","background-media":"","overlay-type":"","overlay-color":"","overlay-opacity":"","overlay-gradient":""}},"ast-content-background-meta":{"desktop":{"background-color":"var(--ast-global-color-5)","background-image":"","background-repeat":"repeat","background-position":"center center","background-size":"auto","background-attachment":"scroll","background-type":"","background-media":"","overlay-type":"","overlay-color":"","overlay-opacity":"","overlay-gradient":""},"tablet":{"background-color":"var(--ast-global-color-5)","background-image":"","background-repeat":"repeat","background-position":"center center","background-size":"auto","background-attachment":"scroll","background-type":"","background-media":"","overlay-type":"","overlay-color":"","overlay-opacity":"","overlay-gradient":""},"mobile":{"background-color":"var(--ast-global-color-5)","background-image":"","background-repeat":"repeat","background-position":"center center","background-size":"auto","background-attachment":"scroll","background-type":"","background-media":"","overlay-type":"","overlay-color":"","overlay-opacity":"","overlay-gradient":""}},"footnotes":""},"categories":[27],"tags":[],"class_list":["post-5044","post","type-post","status-publish","format-standard","has-post-thumbnail","hentry","category-convocatorias"],"acf":[],"_links":{"self":[{"href":"https:\/\/lapaz.bo\/redcooperacion\/wp-json\/wp\/v2\/posts\/5044","targetHints":{"allow":["GET"]}}],"collection":[{"href":"https:\/\/lapaz.bo\/redcooperacion\/wp-json\/wp\/v2\/posts"}],"about":[{"href":"https:\/\/lapaz.bo\/redcooperacion\/wp-json\/wp\/v2\/types\/post"}],"author":[{"embeddable":true,"href":"https:\/\/lapaz.bo\/redcooperacion\/wp-json\/wp\/v2\/users\/1"}],"replies":[{"embeddable":true,"href":"https:\/\/lapaz.bo\/redcooperacion\/wp-json\/wp\/v2\/comments?post=5044"}],"version-history":[{"count":4,"href":"https:\/\/lapaz.bo\/redcooperacion\/wp-json\/wp\/v2\/posts\/5044\/revisions"}],"predecessor-version":[{"id":5048,"href":"https:\/\/lapaz.bo\/redcooperacion\/wp-json\/wp\/v2\/posts\/5044\/revisions\/5048"}],"wp:featuredmedia":[{"embeddable":true,"href":"https:\/\/lapaz.bo\/redcooperacion\/wp-json\/wp\/v2\/media\/5020"}],"wp:attachment":[{"href":"https:\/\/lapaz.bo\/redcooperacion\/wp-json\/wp\/v2\/media?parent=5044"}],"wp:term":[{"taxonomy":"category","embeddable":true,"href":"https:\/\/lapaz.bo\/redcooperacion\/wp-json\/wp\/v2\/categories?post=5044"},{"taxonomy":"post_tag","embeddable":true,"href":"https:\/\/lapaz.bo\/redcooperacion\/wp-json\/wp\/v2\/tags?post=5044"}],"curies":[{"name":"wp","href":"https:\/\/api.w.org\/{rel}","templated":true}]}}