{"id":4598,"date":"2025-03-24T15:42:14","date_gmt":"2025-03-24T19:42:14","guid":{"rendered":"https:\/\/lapaz.bo\/redcooperacion\/?p=4598"},"modified":"2025-03-24T15:44:31","modified_gmt":"2025-03-24T19:44:31","slug":"jovenes-lideres-iberoamericanos","status":"publish","type":"post","link":"https:\/\/lapaz.bo\/redcooperacion\/jovenes-lideres-iberoamericanos\/","title":{"rendered":"J\u00f3venes L\u00edderes Iberoamericanos"},"content":{"rendered":"\t\t<div data-elementor-type=\"wp-post\" data-elementor-id=\"4598\" class=\"elementor elementor-4598\" data-elementor-settings=\"{&quot;ha_cmc_init_switcher&quot;:&quot;no&quot;}\">\n\t\t\t\t<div class=\"elementor-element elementor-element-2051075 e-flex e-con-boxed wpr-particle-no wpr-jarallax-no wpr-parallax-no wpr-sticky-section-no e-con e-parent\" data-id=\"2051075\" data-element_type=\"container\" data-settings=\"{&quot;_ha_eqh_enable&quot;:false}\">\n\t\t\t\t\t<div class=\"e-con-inner\">\n\t\t\t\t<div class=\"elementor-element elementor-element-391a67d elementor-widget elementor-widget-image\" data-id=\"391a67d\" data-element_type=\"widget\" data-widget_type=\"image.default\">\n\t\t\t\t<div class=\"elementor-widget-container\">\n\t\t\t\t\t\t\t\t\t\t\t\t\t\t\t<img fetchpriority=\"high\" decoding=\"async\" width=\"768\" height=\"432\" src=\"https:\/\/lapaz.bo\/redcooperacion\/wp-content\/uploads\/2025\/03\/lidereslatam.jpeg\" class=\"attachment-large size-large wp-image-4581\" alt=\"\" srcset=\"https:\/\/lapaz.bo\/redcooperacion\/wp-content\/uploads\/2025\/03\/lidereslatam.jpeg 768w, https:\/\/lapaz.bo\/redcooperacion\/wp-content\/uploads\/2025\/03\/lidereslatam-300x169.jpeg 300w\" sizes=\"(max-width: 768px) 100vw, 768px\" \/>\t\t\t\t\t\t\t\t\t\t\t\t\t\t\t<\/div>\n\t\t\t\t<\/div>\n\t\t\t\t\t<\/div>\n\t\t\t\t<\/div>\n\t\t<div class=\"elementor-element elementor-element-b1b41df e-flex e-con-boxed wpr-particle-no wpr-jarallax-no wpr-parallax-no wpr-sticky-section-no e-con e-parent\" data-id=\"b1b41df\" data-element_type=\"container\" data-settings=\"{&quot;_ha_eqh_enable&quot;:false}\">\n\t\t\t\t\t<div class=\"e-con-inner\">\n\t\t\t\t<div class=\"elementor-element elementor-element-ef0d6a3 elementor-widget elementor-widget-text-editor\" data-id=\"ef0d6a3\" data-element_type=\"widget\" data-widget_type=\"text-editor.default\">\n\t\t\t\t<div class=\"elementor-widget-container\">\n\t\t\t\t\t\t\t\t\t<p>\ud83d\udce2 \u00a1Atenci\u00f3n, j\u00f3venes l\u00edderes iberoamericanos! \ud83c\udf0e\u2728<\/p><p>\u00bfEres un o una joven con talento, liderazgo y un expediente acad\u00e9mico brillante? \ud83c\udf93\ud83d\ude80<\/p><p>\u00a1Esta es tu oportunidad! \ud83d\udd25 La XX edici\u00f3n del Programa J\u00f3venes L\u00edderes Iberoamericanos, organizado por Santander Espa\u00f1a y Fundaci\u00f3n Carolina, abre su convocatoria:<\/p><p>\ud83d\udccd Madrid, Bruselas y A Coru\u00f1a<br \/>\ud83d\udcc5 Del 16 al 27 de junio de 2025<br \/>\ud83d\udcdd Postula hasta el 29 de abril de 2025<\/p><p>\ud83d\udd39 \u00bfQui\u00e9nes pueden participar?<\/p><p>\u2705 J\u00f3venes de la Comunidad Iberoamericana de Naciones (Latinoam\u00e9rica, Espa\u00f1a y Portugal)<br \/>\u2705 Graduados entre el 1 de octubre de 2022 y la fecha actual<br \/>\u2705 Menores de 27 a\u00f1os<br \/>\u2705 Con expediente acad\u00e9mico sobresaliente, habilidades de liderazgo y compromiso social<\/p><p>\ud83c\udf9f \u00bfQu\u00e9 incluye la beca?<br \/>\u2708 Viaje a Madrid<br \/>\ud83c\udfe8 Alojamiento y manutenci\u00f3n<br \/>\ud83d\udcdc Diploma acreditativo<br \/>\ud83c\udf0d Acceso a una red de j\u00f3venes l\u00edderes internacionales<\/p><p>\ud83d\udca1 \u00a1No dejes pasar esta oportunidad \u00fanica! Inscr\u00edbete en el portal de Santander Open Academy y completa tu solicitud en la Fundaci\u00f3n Carolina<\/p><p>\ud83d\udd17 M\u00e1s informaci\u00f3n y postulaciones: <a href=\"https:\/\/lnkd.in\/dDyXh-JQ\">https:\/\/lnkd.in\/dDyXh-JQ<\/a><\/p>\t\t\t\t\t\t\t\t<\/div>\n\t\t\t\t<\/div>\n\t\t\t\t\t<\/div>\n\t\t\t\t<\/div>\n\t\t\t\t<\/div>\n\t\t","protected":false},"excerpt":{"rendered":"<p>\ud83d\udce2 \u00a1Atenci\u00f3n, j\u00f3venes l\u00edderes iberoamericanos! \ud83c\udf0e\u2728 \u00bfEres un o una joven con talento, liderazgo y un expediente acad\u00e9mico brillante? \ud83c\udf93\ud83d\ude80 \u00a1Esta es tu oportunidad! \ud83d\udd25 La XX edici\u00f3n del Programa&#8230;<\/p>\n","protected":false},"author":1,"featured_media":4581,"comment_status":"open","ping_status":"open","sticky":false,"template":"","format":"standard","meta":{"_acf_changed":false,"_bbp_topic_count":0,"_bbp_reply_count":0,"_bbp_total_topic_count":0,"_bbp_total_reply_count":0,"_bbp_voice_count":0,"_bbp_anonymous_reply_count":0,"_bbp_topic_count_hidden":0,"_bbp_reply_count_hidden":0,"_bbp_forum_subforum_count":0,"site-sidebar-layout":"default","site-content-layout":"","ast-site-content-layout":"default","site-content-style":"default","site-sidebar-style":"default","ast-global-header-display":"","ast-banner-title-visibility":"","ast-main-header-display":"","ast-hfb-above-header-display":"","ast-hfb-below-header-display":"","ast-hfb-mobile-header-display":"","site-post-title":"","ast-breadcrumbs-content":"","ast-featured-img":"","footer-sml-layout":"","theme-transparent-header-meta":"default","adv-header-id-meta":"","stick-header-meta":"","header-above-stick-meta":"","header-main-stick-meta":"","header-below-stick-meta":"","astra-migrate-meta-layouts":"set","ast-page-background-enabled":"default","ast-page-background-meta":{"desktop":{"background-color":"var(--ast-global-color-4)","background-image":"","background-repeat":"repeat","background-position":"center center","background-size":"auto","background-attachment":"scroll","background-type":"","background-media":"","overlay-type":"","overlay-color":"","overlay-opacity":"","overlay-gradient":""},"tablet":{"background-color":"","background-image":"","background-repeat":"repeat","background-position":"center center","background-size":"auto","background-attachment":"scroll","background-type":"","background-media":"","overlay-type":"","overlay-color":"","overlay-opacity":"","overlay-gradient":""},"mobile":{"background-color":"","background-image":"","background-repeat":"repeat","background-position":"center center","background-size":"auto","background-attachment":"scroll","background-type":"","background-media":"","overlay-type":"","overlay-color":"","overlay-opacity":"","overlay-gradient":""}},"ast-content-background-meta":{"desktop":{"background-color":"var(--ast-global-color-5)","background-image":"","background-repeat":"repeat","background-position":"center center","background-size":"auto","background-attachment":"scroll","background-type":"","background-media":"","overlay-type":"","overlay-color":"","overlay-opacity":"","overlay-gradient":""},"tablet":{"background-color":"var(--ast-global-color-5)","background-image":"","background-repeat":"repeat","background-position":"center center","background-size":"auto","background-attachment":"scroll","background-type":"","background-media":"","overlay-type":"","overlay-color":"","overlay-opacity":"","overlay-gradient":""},"mobile":{"background-color":"var(--ast-global-color-5)","background-image":"","background-repeat":"repeat","background-position":"center center","background-size":"auto","background-attachment":"scroll","background-type":"","background-media":"","overlay-type":"","overlay-color":"","overlay-opacity":"","overlay-gradient":""}},"footnotes":""},"categories":[27],"tags":[],"class_list":["post-4598","post","type-post","status-publish","format-standard","has-post-thumbnail","hentry","category-convocatorias"],"acf":[],"_links":{"self":[{"href":"https:\/\/lapaz.bo\/redcooperacion\/wp-json\/wp\/v2\/posts\/4598","targetHints":{"allow":["GET"]}}],"collection":[{"href":"https:\/\/lapaz.bo\/redcooperacion\/wp-json\/wp\/v2\/posts"}],"about":[{"href":"https:\/\/lapaz.bo\/redcooperacion\/wp-json\/wp\/v2\/types\/post"}],"author":[{"embeddable":true,"href":"https:\/\/lapaz.bo\/redcooperacion\/wp-json\/wp\/v2\/users\/1"}],"replies":[{"embeddable":true,"href":"https:\/\/lapaz.bo\/redcooperacion\/wp-json\/wp\/v2\/comments?post=4598"}],"version-history":[{"count":4,"href":"https:\/\/lapaz.bo\/redcooperacion\/wp-json\/wp\/v2\/posts\/4598\/revisions"}],"predecessor-version":[{"id":4602,"href":"https:\/\/lapaz.bo\/redcooperacion\/wp-json\/wp\/v2\/posts\/4598\/revisions\/4602"}],"wp:featuredmedia":[{"embeddable":true,"href":"https:\/\/lapaz.bo\/redcooperacion\/wp-json\/wp\/v2\/media\/4581"}],"wp:attachment":[{"href":"https:\/\/lapaz.bo\/redcooperacion\/wp-json\/wp\/v2\/media?parent=4598"}],"wp:term":[{"taxonomy":"category","embeddable":true,"href":"https:\/\/lapaz.bo\/redcooperacion\/wp-json\/wp\/v2\/categories?post=4598"},{"taxonomy":"post_tag","embeddable":true,"href":"https:\/\/lapaz.bo\/redcooperacion\/wp-json\/wp\/v2\/tags?post=4598"}],"curies":[{"name":"wp","href":"https:\/\/api.w.org\/{rel}","templated":true}]}}