{"id":4551,"date":"2025-03-20T11:09:39","date_gmt":"2025-03-20T15:09:39","guid":{"rendered":"https:\/\/lapaz.bo\/redcooperacion\/?p=4551"},"modified":"2025-03-20T11:11:10","modified_gmt":"2025-03-20T15:11:10","slug":"convocatoria-abierta-construyendo-resiliencia-climatica-desde-perspectivas-indigenas","status":"publish","type":"post","link":"https:\/\/lapaz.bo\/redcooperacion\/convocatoria-abierta-construyendo-resiliencia-climatica-desde-perspectivas-indigenas\/","title":{"rendered":"Convocatoria abierta: Construyendo Resiliencia Clim\u00e1tica desde Perspectivas Ind\u00edgenas"},"content":{"rendered":"\t\t<div data-elementor-type=\"wp-post\" data-elementor-id=\"4551\" class=\"elementor elementor-4551\" data-elementor-settings=\"{&quot;ha_cmc_init_switcher&quot;:&quot;no&quot;}\">\n\t\t\t\t<div class=\"elementor-element elementor-element-ffdad13 e-flex e-con-boxed wpr-particle-no wpr-jarallax-no wpr-parallax-no wpr-sticky-section-no e-con e-parent\" data-id=\"ffdad13\" data-element_type=\"container\" data-settings=\"{&quot;_ha_eqh_enable&quot;:false}\">\n\t\t\t\t\t<div class=\"e-con-inner\">\n\t\t\t\t<div class=\"elementor-element elementor-element-dd892cf elementor-widget elementor-widget-image\" data-id=\"dd892cf\" data-element_type=\"widget\" data-widget_type=\"image.default\">\n\t\t\t\t<div class=\"elementor-widget-container\">\n\t\t\t\t\t\t\t\t\t\t\t\t\t\t\t<img fetchpriority=\"high\" decoding=\"async\" width=\"800\" height=\"450\" src=\"https:\/\/lapaz.bo\/redcooperacion\/wp-content\/uploads\/2025\/03\/WhatsApp-Image-2025-03-20-at-08.10.17.jpeg\" class=\"attachment-large size-large wp-image-4552\" alt=\"\" srcset=\"https:\/\/lapaz.bo\/redcooperacion\/wp-content\/uploads\/2025\/03\/WhatsApp-Image-2025-03-20-at-08.10.17.jpeg 800w, https:\/\/lapaz.bo\/redcooperacion\/wp-content\/uploads\/2025\/03\/WhatsApp-Image-2025-03-20-at-08.10.17-300x169.jpeg 300w, https:\/\/lapaz.bo\/redcooperacion\/wp-content\/uploads\/2025\/03\/WhatsApp-Image-2025-03-20-at-08.10.17-768x432.jpeg 768w\" sizes=\"(max-width: 800px) 100vw, 800px\" \/>\t\t\t\t\t\t\t\t\t\t\t\t\t\t\t<\/div>\n\t\t\t\t<\/div>\n\t\t\t\t\t<\/div>\n\t\t\t\t<\/div>\n\t\t<div class=\"elementor-element elementor-element-25f0322 e-flex e-con-boxed wpr-particle-no wpr-jarallax-no wpr-parallax-no wpr-sticky-section-no e-con e-parent\" data-id=\"25f0322\" data-element_type=\"container\" data-settings=\"{&quot;_ha_eqh_enable&quot;:false}\">\n\t\t\t\t\t<div class=\"e-con-inner\">\n\t\t\t\t<div class=\"elementor-element elementor-element-4b5efb9 elementor-widget elementor-widget-text-editor\" data-id=\"4b5efb9\" data-element_type=\"widget\" data-widget_type=\"text-editor.default\">\n\t\t\t\t<div class=\"elementor-widget-container\">\n\t\t\t\t\t\t\t\t\t<p>BCRIP (Building Climate Resilience from Indigenous Perspectives) es una iniciativa transformadora que busca fortalecer los sistemas de conocimiento y ciencia ind\u00edgenas, promoviendo la autonom\u00eda, libre determinaci\u00f3n y liderazgo clim\u00e1tico de los pueblos ind\u00edgenas en Bolivia, Colombia, Guatemala y Per\u00fa, en colaboraci\u00f3n con Pueblos Ind\u00edgenas en Canad\u00e1.<\/p><p>Financiado por Global Affairs Canada, este proyecto de cuatro a\u00f1os (2024-2028) apoya soluciones basadas en la naturaleza lideradas por comunidades ind\u00edgenas, fomentando el intercambio de conocimientos, la defensa de derechos y el fortalecimiento de la gobernanza ambiental.<\/p><p>\u2728 Oportunidad de Financiamiento<br \/>BCRIP financiar\u00e1 entre 8 y 12 proyectos con una duraci\u00f3n de 12 a 24 meses, otorgando:<br \/>\u2705 Hasta 207,000 CAD por proyecto en Canad\u00e1.<br \/>\u2705 Entre 100,000 &#8211; 633,000 CAD por proyecto en Latinoam\u00e9rica, seg\u00fan el tipo de fondo.<\/p><p>\ud83d\udce2 Buscan propuestas que integren:<br \/>\ud83d\udd39 Acci\u00f3n clim\u00e1tica liderada por pueblos ind\u00edgenas.<br \/>\ud83d\udd39 Derechos individuales y colectivos.<br \/>\ud83d\udd39 Equidad de g\u00e9nero.<br \/>\ud83d\udd39 Conocimiento y ciencia ind\u00edgena.<\/p><p>Si trabajas en iniciativas de resiliencia clim\u00e1tica y colaboras con comunidades ind\u00edgenas, \u00a1esta es una gran oportunidad para sumar impacto! \ud83c\udf31<\/p><p>\ud83d\udd17 M\u00e1s informaci\u00f3n y postulaciones aqu\u00ed:<br \/>\ud83d\udc49 <a href=\"https:\/\/lnkd.in\/epBY8Aca\">https:\/\/lnkd.in\/epBY8Aca<\/a><\/p>\t\t\t\t\t\t\t\t<\/div>\n\t\t\t\t<\/div>\n\t\t\t\t\t<\/div>\n\t\t\t\t<\/div>\n\t\t\t\t<\/div>\n\t\t","protected":false},"excerpt":{"rendered":"<p>BCRIP (Building Climate Resilience from Indigenous Perspectives) es una iniciativa transformadora que busca fortalecer los sistemas de conocimiento y ciencia ind\u00edgenas, promoviendo la autonom\u00eda, libre determinaci\u00f3n y liderazgo clim\u00e1tico de&#8230;<\/p>\n","protected":false},"author":1,"featured_media":4552,"comment_status":"open","ping_status":"open","sticky":false,"template":"","format":"standard","meta":{"_acf_changed":false,"_bbp_topic_count":0,"_bbp_reply_count":0,"_bbp_total_topic_count":0,"_bbp_total_reply_count":0,"_bbp_voice_count":0,"_bbp_anonymous_reply_count":0,"_bbp_topic_count_hidden":0,"_bbp_reply_count_hidden":0,"_bbp_forum_subforum_count":0,"site-sidebar-layout":"default","site-content-layout":"","ast-site-content-layout":"default","site-content-style":"default","site-sidebar-style":"default","ast-global-header-display":"","ast-banner-title-visibility":"","ast-main-header-display":"","ast-hfb-above-header-display":"","ast-hfb-below-header-display":"","ast-hfb-mobile-header-display":"","site-post-title":"","ast-breadcrumbs-content":"","ast-featured-img":"","footer-sml-layout":"","theme-transparent-header-meta":"default","adv-header-id-meta":"","stick-header-meta":"","header-above-stick-meta":"","header-main-stick-meta":"","header-below-stick-meta":"","astra-migrate-meta-layouts":"set","ast-page-background-enabled":"default","ast-page-background-meta":{"desktop":{"background-color":"var(--ast-global-color-4)","background-image":"","background-repeat":"repeat","background-position":"center center","background-size":"auto","background-attachment":"scroll","background-type":"","background-media":"","overlay-type":"","overlay-color":"","overlay-opacity":"","overlay-gradient":""},"tablet":{"background-color":"","background-image":"","background-repeat":"repeat","background-position":"center center","background-size":"auto","background-attachment":"scroll","background-type":"","background-media":"","overlay-type":"","overlay-color":"","overlay-opacity":"","overlay-gradient":""},"mobile":{"background-color":"","background-image":"","background-repeat":"repeat","background-position":"center center","background-size":"auto","background-attachment":"scroll","background-type":"","background-media":"","overlay-type":"","overlay-color":"","overlay-opacity":"","overlay-gradient":""}},"ast-content-background-meta":{"desktop":{"background-color":"var(--ast-global-color-5)","background-image":"","background-repeat":"repeat","background-position":"center center","background-size":"auto","background-attachment":"scroll","background-type":"","background-media":"","overlay-type":"","overlay-color":"","overlay-opacity":"","overlay-gradient":""},"tablet":{"background-color":"var(--ast-global-color-5)","background-image":"","background-repeat":"repeat","background-position":"center center","background-size":"auto","background-attachment":"scroll","background-type":"","background-media":"","overlay-type":"","overlay-color":"","overlay-opacity":"","overlay-gradient":""},"mobile":{"background-color":"var(--ast-global-color-5)","background-image":"","background-repeat":"repeat","background-position":"center center","background-size":"auto","background-attachment":"scroll","background-type":"","background-media":"","overlay-type":"","overlay-color":"","overlay-opacity":"","overlay-gradient":""}},"footnotes":""},"categories":[27],"tags":[],"class_list":["post-4551","post","type-post","status-publish","format-standard","has-post-thumbnail","hentry","category-convocatorias"],"acf":[],"_links":{"self":[{"href":"https:\/\/lapaz.bo\/redcooperacion\/wp-json\/wp\/v2\/posts\/4551","targetHints":{"allow":["GET"]}}],"collection":[{"href":"https:\/\/lapaz.bo\/redcooperacion\/wp-json\/wp\/v2\/posts"}],"about":[{"href":"https:\/\/lapaz.bo\/redcooperacion\/wp-json\/wp\/v2\/types\/post"}],"author":[{"embeddable":true,"href":"https:\/\/lapaz.bo\/redcooperacion\/wp-json\/wp\/v2\/users\/1"}],"replies":[{"embeddable":true,"href":"https:\/\/lapaz.bo\/redcooperacion\/wp-json\/wp\/v2\/comments?post=4551"}],"version-history":[{"count":4,"href":"https:\/\/lapaz.bo\/redcooperacion\/wp-json\/wp\/v2\/posts\/4551\/revisions"}],"predecessor-version":[{"id":4556,"href":"https:\/\/lapaz.bo\/redcooperacion\/wp-json\/wp\/v2\/posts\/4551\/revisions\/4556"}],"wp:featuredmedia":[{"embeddable":true,"href":"https:\/\/lapaz.bo\/redcooperacion\/wp-json\/wp\/v2\/media\/4552"}],"wp:attachment":[{"href":"https:\/\/lapaz.bo\/redcooperacion\/wp-json\/wp\/v2\/media?parent=4551"}],"wp:term":[{"taxonomy":"category","embeddable":true,"href":"https:\/\/lapaz.bo\/redcooperacion\/wp-json\/wp\/v2\/categories?post=4551"},{"taxonomy":"post_tag","embeddable":true,"href":"https:\/\/lapaz.bo\/redcooperacion\/wp-json\/wp\/v2\/tags?post=4551"}],"curies":[{"name":"wp","href":"https:\/\/api.w.org\/{rel}","templated":true}]}}