{"id":4504,"date":"2025-03-13T08:50:13","date_gmt":"2025-03-13T12:50:13","guid":{"rendered":"https:\/\/lapaz.bo\/redcooperacion\/?p=4504"},"modified":"2025-03-13T09:33:09","modified_gmt":"2025-03-13T13:33:09","slug":"san-salvador-acoge-el-xx-encuentro-de-directores-de-rr-ii-y-coordinadores-de-la-ucci","status":"publish","type":"post","link":"https:\/\/lapaz.bo\/redcooperacion\/san-salvador-acoge-el-xx-encuentro-de-directores-de-rr-ii-y-coordinadores-de-la-ucci\/","title":{"rendered":"San Salvador acoge el \u2018XX Encuentro de Directores de RR. II. y Coordinadores de la UCCI\u2019"},"content":{"rendered":"\t\t<div data-elementor-type=\"wp-post\" data-elementor-id=\"4504\" class=\"elementor elementor-4504\" data-elementor-settings=\"{&quot;ha_cmc_init_switcher&quot;:&quot;no&quot;}\">\n\t\t\t\t<div class=\"elementor-element elementor-element-9687790 e-flex e-con-boxed wpr-particle-no wpr-jarallax-no wpr-parallax-no wpr-sticky-section-no e-con e-parent\" data-id=\"9687790\" data-element_type=\"container\" data-settings=\"{&quot;_ha_eqh_enable&quot;:false}\">\n\t\t\t\t\t<div class=\"e-con-inner\">\n\t\t\t\t<div class=\"elementor-element elementor-element-5c6f53c elementor-widget elementor-widget-image\" data-id=\"5c6f53c\" data-element_type=\"widget\" data-widget_type=\"image.default\">\n\t\t\t\t<div class=\"elementor-widget-container\">\n\t\t\t\t\t\t\t\t\t\t\t\t\t\t\t<img fetchpriority=\"high\" decoding=\"async\" width=\"1024\" height=\"683\" src=\"https:\/\/lapaz.bo\/redcooperacion\/wp-content\/uploads\/2025\/03\/UCCI_Directores-1024x683.jpg\" class=\"attachment-large size-large wp-image-4505\" alt=\"\" srcset=\"https:\/\/lapaz.bo\/redcooperacion\/wp-content\/uploads\/2025\/03\/UCCI_Directores-1024x683.jpg 1024w, https:\/\/lapaz.bo\/redcooperacion\/wp-content\/uploads\/2025\/03\/UCCI_Directores-300x200.jpg 300w, https:\/\/lapaz.bo\/redcooperacion\/wp-content\/uploads\/2025\/03\/UCCI_Directores-768x512.jpg 768w, https:\/\/lapaz.bo\/redcooperacion\/wp-content\/uploads\/2025\/03\/UCCI_Directores-1536x1024.jpg 1536w, https:\/\/lapaz.bo\/redcooperacion\/wp-content\/uploads\/2025\/03\/UCCI_Directores-2048x1366.jpg 2048w, https:\/\/lapaz.bo\/redcooperacion\/wp-content\/uploads\/2025\/03\/UCCI_Directores-1320x880.jpg 1320w\" sizes=\"(max-width: 1024px) 100vw, 1024px\" \/>\t\t\t\t\t\t\t\t\t\t\t\t\t\t\t<\/div>\n\t\t\t\t<\/div>\n\t\t\t\t\t<\/div>\n\t\t\t\t<\/div>\n\t\t<div class=\"elementor-element elementor-element-fd4a56b e-flex e-con-boxed wpr-particle-no wpr-jarallax-no wpr-parallax-no wpr-sticky-section-no e-con e-parent\" data-id=\"fd4a56b\" data-element_type=\"container\" data-settings=\"{&quot;_ha_eqh_enable&quot;:false}\">\n\t\t\t\t\t<div class=\"e-con-inner\">\n\t\t\t\t<div class=\"elementor-element elementor-element-fd37911 elementor-widget elementor-widget-heading\" data-id=\"fd37911\" data-element_type=\"widget\" data-widget_type=\"heading.default\">\n\t\t\t\t<div class=\"elementor-widget-container\">\n\t\t\t\t\t<h2 class=\"elementor-heading-title elementor-size-default\"><em>\u2022 El alcalde de San Salvador y copresidente UCCI, Mario Dur\u00e1n, inaugur\u00f3 la cita anual en la que se definen las estrategias para 2025 y se ponen en valor los logros alcanzados hasta el momento por parte del organismo.<br><\/em><br><em>\u2022 El encuentro, que se celebra por primera vez en la capital salvadore\u00f1a, re\u00fane a los responsables del \u00e1rea de Relaciones Internacionales de 19 ciudades iberoamericanas.<\/em><\/h2>\t\t\t\t<\/div>\n\t\t\t\t<\/div>\n\t\t\t\t\t<\/div>\n\t\t\t\t<\/div>\n\t\t<div class=\"elementor-element elementor-element-e0a4b0f e-flex e-con-boxed wpr-particle-no wpr-jarallax-no wpr-parallax-no wpr-sticky-section-no e-con e-parent\" data-id=\"e0a4b0f\" data-element_type=\"container\" data-settings=\"{&quot;_ha_eqh_enable&quot;:false}\">\n\t\t\t\t\t<div class=\"e-con-inner\">\n\t\t\t\t<div class=\"elementor-element elementor-element-a09f5d2 elementor-widget elementor-widget-text-editor\" data-id=\"a09f5d2\" data-element_type=\"widget\" data-widget_type=\"text-editor.default\">\n\t\t\t\t<div class=\"elementor-widget-container\">\n\t\t\t\t\t\t\t\t\t<p>Con el objetivo de fortalecer las alianzas e impulsar el posicionamiento de la organizaci\u00f3n, la Uni\u00f3n de Ciudades Capitales Iberoamericanas (UCCI) inaugur\u00f3 el \u2018XX Encuentro de Directores de Relaciones Internacionales y Coordinadores\u2019, una cita anual en la que se asientan las bases de las acciones del 2025 y se ponen en valor los logros alcanzados. Durante dos d\u00edas, representantes de 19 ciudades iberoamericanas compartir\u00e1n experiencias, establecer\u00e1n l\u00edneas de trabajo conjuntas y definir\u00e1n estrategias para reforzar la cooperaci\u00f3n entre sus ciudades.<\/p><p>En su calidad de ciudad anfitriona, San Salvador recibe as\u00ed a los responsables del \u00e1rea de Relaciones Internacionales de Asunci\u00f3n, Barcelona, Bogot\u00e1, Brasilia, Buenos Aires, Ciudad de Guatemala, La Habana, La Paz, Madrid, Ciudad de Panam\u00e1, Quito, San Jos\u00e9, San Juan, San Salvador, Santiago, Santo Domingo, Sao Paulo, Sucre y Tegucigalpa, brindando un espacio propicio para el di\u00e1logo y el intercambio de buenas pr\u00e1cticas. Por primera vez, la capital salvadore\u00f1a acoge este encuentro, que se celebra desde 1996 y que ha evolucionado para adaptarse a las din\u00e1micas y necesidades de las ciudades iberoamericanas.<\/p><p>\u00a0<\/p>\t\t\t\t\t\t\t\t<\/div>\n\t\t\t\t<\/div>\n\t\t\t\t\t<\/div>\n\t\t\t\t<\/div>\n\t\t<div class=\"elementor-element elementor-element-ce3af39 e-grid e-con-boxed wpr-particle-no wpr-jarallax-no wpr-parallax-no wpr-sticky-section-no e-con e-parent\" data-id=\"ce3af39\" data-element_type=\"container\" data-settings=\"{&quot;_ha_eqh_enable&quot;:false}\">\n\t\t\t\t\t<div class=\"e-con-inner\">\n\t\t\t\t<div class=\"elementor-element elementor-element-2b4157f elementor-widget elementor-widget-image\" data-id=\"2b4157f\" data-element_type=\"widget\" data-widget_type=\"image.default\">\n\t\t\t\t<div class=\"elementor-widget-container\">\n\t\t\t\t\t\t\t\t\t\t\t\t\t\t\t<img decoding=\"async\" width=\"1024\" height=\"683\" src=\"https:\/\/lapaz.bo\/redcooperacion\/wp-content\/uploads\/2025\/03\/UCCI_Directores1-1024x683.jpg\" class=\"attachment-large size-large wp-image-4524\" alt=\"\" srcset=\"https:\/\/lapaz.bo\/redcooperacion\/wp-content\/uploads\/2025\/03\/UCCI_Directores1-1024x683.jpg 1024w, https:\/\/lapaz.bo\/redcooperacion\/wp-content\/uploads\/2025\/03\/UCCI_Directores1-300x200.jpg 300w, https:\/\/lapaz.bo\/redcooperacion\/wp-content\/uploads\/2025\/03\/UCCI_Directores1-768x512.jpg 768w, https:\/\/lapaz.bo\/redcooperacion\/wp-content\/uploads\/2025\/03\/UCCI_Directores1-1536x1025.jpg 1536w, https:\/\/lapaz.bo\/redcooperacion\/wp-content\/uploads\/2025\/03\/UCCI_Directores1-1320x880.jpg 1320w, https:\/\/lapaz.bo\/redcooperacion\/wp-content\/uploads\/2025\/03\/UCCI_Directores1.jpg 2048w\" sizes=\"(max-width: 1024px) 100vw, 1024px\" \/>\t\t\t\t\t\t\t\t\t\t\t\t\t\t\t<\/div>\n\t\t\t\t<\/div>\n\t\t\t\t<div class=\"elementor-element elementor-element-87f01c6 elementor-widget elementor-widget-image\" data-id=\"87f01c6\" data-element_type=\"widget\" data-widget_type=\"image.default\">\n\t\t\t\t<div class=\"elementor-widget-container\">\n\t\t\t\t\t\t\t\t\t\t\t\t\t\t\t<img decoding=\"async\" width=\"1024\" height=\"681\" src=\"https:\/\/lapaz.bo\/redcooperacion\/wp-content\/uploads\/2025\/03\/UCCI_Directores2-1024x681.jpg\" class=\"attachment-large size-large wp-image-4523\" alt=\"\" srcset=\"https:\/\/lapaz.bo\/redcooperacion\/wp-content\/uploads\/2025\/03\/UCCI_Directores2-1024x681.jpg 1024w, https:\/\/lapaz.bo\/redcooperacion\/wp-content\/uploads\/2025\/03\/UCCI_Directores2-300x200.jpg 300w, https:\/\/lapaz.bo\/redcooperacion\/wp-content\/uploads\/2025\/03\/UCCI_Directores2-768x511.jpg 768w, https:\/\/lapaz.bo\/redcooperacion\/wp-content\/uploads\/2025\/03\/UCCI_Directores2-1536x1022.jpg 1536w, https:\/\/lapaz.bo\/redcooperacion\/wp-content\/uploads\/2025\/03\/UCCI_Directores2-1320x878.jpg 1320w, https:\/\/lapaz.bo\/redcooperacion\/wp-content\/uploads\/2025\/03\/UCCI_Directores2.jpg 2048w\" sizes=\"(max-width: 1024px) 100vw, 1024px\" \/>\t\t\t\t\t\t\t\t\t\t\t\t\t\t\t<\/div>\n\t\t\t\t<\/div>\n\t\t\t\t<div class=\"elementor-element elementor-element-0381d93 elementor-widget elementor-widget-image\" data-id=\"0381d93\" data-element_type=\"widget\" data-widget_type=\"image.default\">\n\t\t\t\t<div class=\"elementor-widget-container\">\n\t\t\t\t\t\t\t\t\t\t\t\t\t\t\t<img loading=\"lazy\" decoding=\"async\" width=\"1024\" height=\"683\" src=\"https:\/\/lapaz.bo\/redcooperacion\/wp-content\/uploads\/2025\/03\/UCCI_Directores3-1024x683.jpg\" class=\"attachment-large size-large wp-image-4522\" alt=\"\" srcset=\"https:\/\/lapaz.bo\/redcooperacion\/wp-content\/uploads\/2025\/03\/UCCI_Directores3-1024x683.jpg 1024w, https:\/\/lapaz.bo\/redcooperacion\/wp-content\/uploads\/2025\/03\/UCCI_Directores3-300x200.jpg 300w, https:\/\/lapaz.bo\/redcooperacion\/wp-content\/uploads\/2025\/03\/UCCI_Directores3-768x512.jpg 768w, https:\/\/lapaz.bo\/redcooperacion\/wp-content\/uploads\/2025\/03\/UCCI_Directores3-1536x1024.jpg 1536w, https:\/\/lapaz.bo\/redcooperacion\/wp-content\/uploads\/2025\/03\/UCCI_Directores3-1320x880.jpg 1320w, https:\/\/lapaz.bo\/redcooperacion\/wp-content\/uploads\/2025\/03\/UCCI_Directores3.jpg 2048w\" sizes=\"(max-width: 1024px) 100vw, 1024px\" \/>\t\t\t\t\t\t\t\t\t\t\t\t\t\t\t<\/div>\n\t\t\t\t<\/div>\n\t\t\t\t\t<\/div>\n\t\t\t\t<\/div>\n\t\t<div class=\"elementor-element elementor-element-09ce641 e-flex e-con-boxed wpr-particle-no wpr-jarallax-no wpr-parallax-no wpr-sticky-section-no e-con e-parent\" data-id=\"09ce641\" data-element_type=\"container\" data-settings=\"{&quot;_ha_eqh_enable&quot;:false}\">\n\t\t\t\t\t<div class=\"e-con-inner\">\n\t\t\t\t<div class=\"elementor-element elementor-element-908499c elementor-widget elementor-widget-text-editor\" data-id=\"908499c\" data-element_type=\"widget\" data-widget_type=\"text-editor.default\">\n\t\t\t\t<div class=\"elementor-widget-container\">\n\t\t\t\t\t\t\t\t\t<p>Su elecci\u00f3n responde al compromiso de la UCCI de garantizar una distribuci\u00f3n equitativa de sus actividades entre las cuatro subregiones que la conforman, fortaleciendo en esta edici\u00f3n su presencia en Centroam\u00e9rica, M\u00e9xico y el Caribe. Adem\u00e1s, esta designaci\u00f3n pone en valor la sede de la Copresidencia en Am\u00e9rica Latina, consolidando tambi\u00e9n su papel estrat\u00e9gico en la construcci\u00f3n de alianzas entre las ciudades miembro.<\/p><p>El alcalde Mario Dur\u00e1n resalt\u00f3 la transformaci\u00f3n del Centro Hist\u00f3rico de la ciudad, un \u00e1rea que en el pasado era considerada una de las m\u00e1s peligrosas del pa\u00eds, y que hoy se ha convertido en un espacio renovado y seguro. El tambi\u00e9n copresidente UCCI subray\u00f3 los esfuerzos realizados en San Salvador durante los \u00faltimos cuatro a\u00f1os, agradeci\u00f3 el apoyo del organismo y destac\u00f3 la importancia de la colaboraci\u00f3n internacional para impulsar procesos de cambio en Iberoam\u00e9rica. Asimismo, reafirm\u00f3 su compromiso con el desarrollo local a trav\u00e9s del fortalecimiento de las ciudades, destacando el papel clave de la gesti\u00f3n p\u00fablica y el trabajo conjunto para generar espacios m\u00e1s seguros y pr\u00f3speros para la ciudadan\u00eda.<\/p><p>Como una ciudad en constante transformaci\u00f3n que equilibra su legado hist\u00f3rico con una visi\u00f3n de desarrollo e innovaci\u00f3n, San Salvador sobresale como un punto de encuentro clave para la cooperaci\u00f3n entre ciudades de la regi\u00f3n. As\u00ed lo destac\u00f3 la secretaria general de la UCCI, Almudena Ma\u00edllo del Valle, quien resalt\u00f3 la importancia de este evento como una oportunidad para coordinar agendas internacionales y fortalecer la colaboraci\u00f3n entre las ciudades miembro.<\/p><p>\u00abEste encuentro es una oportunidad \u00fanica para consolidar la voz de nuestras ciudades en el escenario global. Les invito a ser creativos y a poner en com\u00fan propuestas que enriquezcan nuestra labor en la UCCI\u00bb, dijo. Ma\u00edllo, que intervino de manera virtual, invit\u00f3 adem\u00e1s a aprovechar esta cita como un paso clave hacia la pr\u00f3xima Asamblea General de la UCCI, que reunir\u00e1 a los alcaldes y alcaldesas de las ciudades miembro en Buenos Aires, en el \u00faltimo trimestre del a\u00f1o.<\/p>\t\t\t\t\t\t\t\t<\/div>\n\t\t\t\t<\/div>\n\t\t\t\t\t<\/div>\n\t\t\t\t<\/div>\n\t\t<div class=\"elementor-element elementor-element-f9b6680 e-grid e-con-boxed wpr-particle-no wpr-jarallax-no wpr-parallax-no wpr-sticky-section-no e-con e-parent\" data-id=\"f9b6680\" data-element_type=\"container\" data-settings=\"{&quot;_ha_eqh_enable&quot;:false}\">\n\t\t\t\t\t<div class=\"e-con-inner\">\n\t\t\t\t<div class=\"elementor-element elementor-element-ead7143 elementor-widget elementor-widget-image\" data-id=\"ead7143\" data-element_type=\"widget\" data-widget_type=\"image.default\">\n\t\t\t\t<div class=\"elementor-widget-container\">\n\t\t\t\t\t\t\t\t\t\t\t\t\t\t\t<img loading=\"lazy\" decoding=\"async\" width=\"1024\" height=\"683\" src=\"https:\/\/lapaz.bo\/redcooperacion\/wp-content\/uploads\/2025\/03\/UCCI_Directores4-1024x683.jpg\" class=\"attachment-large size-large wp-image-4521\" alt=\"\" srcset=\"https:\/\/lapaz.bo\/redcooperacion\/wp-content\/uploads\/2025\/03\/UCCI_Directores4-1024x683.jpg 1024w, https:\/\/lapaz.bo\/redcooperacion\/wp-content\/uploads\/2025\/03\/UCCI_Directores4-300x200.jpg 300w, https:\/\/lapaz.bo\/redcooperacion\/wp-content\/uploads\/2025\/03\/UCCI_Directores4-768x512.jpg 768w, https:\/\/lapaz.bo\/redcooperacion\/wp-content\/uploads\/2025\/03\/UCCI_Directores4-1536x1024.jpg 1536w, https:\/\/lapaz.bo\/redcooperacion\/wp-content\/uploads\/2025\/03\/UCCI_Directores4-1320x880.jpg 1320w, https:\/\/lapaz.bo\/redcooperacion\/wp-content\/uploads\/2025\/03\/UCCI_Directores4.jpg 2048w\" sizes=\"(max-width: 1024px) 100vw, 1024px\" \/>\t\t\t\t\t\t\t\t\t\t\t\t\t\t\t<\/div>\n\t\t\t\t<\/div>\n\t\t\t\t<div class=\"elementor-element elementor-element-22fc468 elementor-widget elementor-widget-image\" data-id=\"22fc468\" data-element_type=\"widget\" data-widget_type=\"image.default\">\n\t\t\t\t<div class=\"elementor-widget-container\">\n\t\t\t\t\t\t\t\t\t\t\t\t\t\t\t<img loading=\"lazy\" decoding=\"async\" width=\"1024\" height=\"684\" src=\"https:\/\/lapaz.bo\/redcooperacion\/wp-content\/uploads\/2025\/03\/UCCI_Directores5-1024x684.jpg\" class=\"attachment-large size-large wp-image-4520\" alt=\"\" srcset=\"https:\/\/lapaz.bo\/redcooperacion\/wp-content\/uploads\/2025\/03\/UCCI_Directores5-1024x684.jpg 1024w, https:\/\/lapaz.bo\/redcooperacion\/wp-content\/uploads\/2025\/03\/UCCI_Directores5-300x200.jpg 300w, https:\/\/lapaz.bo\/redcooperacion\/wp-content\/uploads\/2025\/03\/UCCI_Directores5-768x513.jpg 768w, https:\/\/lapaz.bo\/redcooperacion\/wp-content\/uploads\/2025\/03\/UCCI_Directores5-1536x1027.jpg 1536w, https:\/\/lapaz.bo\/redcooperacion\/wp-content\/uploads\/2025\/03\/UCCI_Directores5-1320x882.jpg 1320w, https:\/\/lapaz.bo\/redcooperacion\/wp-content\/uploads\/2025\/03\/UCCI_Directores5.jpg 1616w\" sizes=\"(max-width: 1024px) 100vw, 1024px\" \/>\t\t\t\t\t\t\t\t\t\t\t\t\t\t\t<\/div>\n\t\t\t\t<\/div>\n\t\t\t\t<div class=\"elementor-element elementor-element-068c36d elementor-widget elementor-widget-image\" data-id=\"068c36d\" data-element_type=\"widget\" data-widget_type=\"image.default\">\n\t\t\t\t<div class=\"elementor-widget-container\">\n\t\t\t\t\t\t\t\t\t\t\t\t\t\t\t<img loading=\"lazy\" decoding=\"async\" width=\"1024\" height=\"682\" src=\"https:\/\/lapaz.bo\/redcooperacion\/wp-content\/uploads\/2025\/03\/UCCI_Directores6-1024x682.jpg\" class=\"attachment-large size-large wp-image-4519\" alt=\"\" srcset=\"https:\/\/lapaz.bo\/redcooperacion\/wp-content\/uploads\/2025\/03\/UCCI_Directores6-1024x682.jpg 1024w, https:\/\/lapaz.bo\/redcooperacion\/wp-content\/uploads\/2025\/03\/UCCI_Directores6-300x200.jpg 300w, https:\/\/lapaz.bo\/redcooperacion\/wp-content\/uploads\/2025\/03\/UCCI_Directores6-768x512.jpg 768w, https:\/\/lapaz.bo\/redcooperacion\/wp-content\/uploads\/2025\/03\/UCCI_Directores6-1536x1023.jpg 1536w, https:\/\/lapaz.bo\/redcooperacion\/wp-content\/uploads\/2025\/03\/UCCI_Directores6-1320x879.jpg 1320w, https:\/\/lapaz.bo\/redcooperacion\/wp-content\/uploads\/2025\/03\/UCCI_Directores6.jpg 1600w\" sizes=\"(max-width: 1024px) 100vw, 1024px\" \/>\t\t\t\t\t\t\t\t\t\t\t\t\t\t\t<\/div>\n\t\t\t\t<\/div>\n\t\t\t\t\t<\/div>\n\t\t\t\t<\/div>\n\t\t<div class=\"elementor-element elementor-element-2e34f7c e-flex e-con-boxed wpr-particle-no wpr-jarallax-no wpr-parallax-no wpr-sticky-section-no e-con e-parent\" data-id=\"2e34f7c\" data-element_type=\"container\" data-settings=\"{&quot;_ha_eqh_enable&quot;:false}\">\n\t\t\t\t\t<div class=\"e-con-inner\">\n\t\t\t\t<div class=\"elementor-element elementor-element-19b9a84 elementor-widget elementor-widget-text-editor\" data-id=\"19b9a84\" data-element_type=\"widget\" data-widget_type=\"text-editor.default\">\n\t\t\t\t<div class=\"elementor-widget-container\">\n\t\t\t\t\t\t\t\t\t<p><strong>Balance y proyecci\u00f3n<\/strong><br \/>Como parte de la agenda del encuentro, la directora general de la UCCI, Luciana Binaghi Getar, ofreci\u00f3 un balance del trabajo realizado en el \u00faltimo a\u00f1o, destacando su crecimiento y consolidaci\u00f3n. En su intervenci\u00f3n, Binaghi Getar resalt\u00f3 que la UCCI ha desarrollado un total de 95 actividades, lo que equivale a un espacio de incidencia o reflexi\u00f3n cada cuatro d\u00edas. Asimismo, subray\u00f3 el alto nivel de participaci\u00f3n, con 27 de las 29 ciudades miembro involucradas en alguna de las iniciativas impulsadas por el organismo. Entre los hitos m\u00e1s relevantes del \u00faltimo a\u00f1o, destac\u00f3 el \u2018Encuentro de Ciudades Iberoamericanas\u2019, un foro multiactor y multinivel que permiti\u00f3 visibilizar el papel de las ciudades iberoamericanas y reforz\u00f3 el posicionamiento de la UCCI como un actor clave en la articulaci\u00f3n de pol\u00edticas locales con impacto global.<\/p><p>En simult\u00e1neo, los directores de Relaciones Internacionales desempe\u00f1aron un papel fundamental consolidando el encuentro como un espacio de di\u00e1logo estrat\u00e9gico para alinear esfuerzos y fortalecer la cooperaci\u00f3n. Durante esta primera jornada expusieron los objetivos generales de las \u00e1reas de internacional de sus respectivas ciudades y su vinculaci\u00f3n con la UCCI, fomentando la creaci\u00f3n de sinergias y la puesta en com\u00fan de prioridades compartidas. Adem\u00e1s, se dio la bienvenida a los nuevos coordinadores de Bogot\u00e1, La Habana, Panam\u00e1, Santiago y S\u00e3o Paulo, quienes participaron por primera vez en una actividad de la organizaci\u00f3n.<\/p><p>La agenda de trabajo continuar\u00e1 ma\u00f1ana con una segunda jornada centrada en el an\u00e1lisis de las iniciativas impulsadas desde las \u00e1reas de Cooperaci\u00f3n T\u00e9cnica y Formaci\u00f3n, pilares fundamentales de la UCCI. Se abordar\u00e1n los avances en la convocatoria de proyectos, el impacto de la formaci\u00f3n en la gesti\u00f3n local y las oportunidades para ampliar las alianzas en estos \u00e1mbitos. Todo ello enmarcado en la apuesta de la organizaci\u00f3n por evolucionar hacia modelos de trabajo m\u00e1s \u00e1giles, innovadores y alineados con los desaf\u00edos actuales.<\/p><p>Fuente:\u00a0<a href=\"https:\/\/ciudadesiberoamericanas.org\/2025\/03\/12\/san-salvador-acoge-el-xx-encuentro-de-directores-de-rr-ii-y-coordinadores-de-la-ucci\/\">https:\/\/ciudadesiberoamericanas.org\/2025\/03\/12\/san-salvador-acoge-el-xx-encuentro-de-directores-de-rr-ii-y-coordinadores-de-la-ucci\/<\/a><\/p>\t\t\t\t\t\t\t\t<\/div>\n\t\t\t\t<\/div>\n\t\t\t\t\t<\/div>\n\t\t\t\t<\/div>\n\t\t<div class=\"elementor-element elementor-element-8886c80 e-grid e-con-boxed wpr-particle-no wpr-jarallax-no wpr-parallax-no wpr-sticky-section-no e-con e-parent\" data-id=\"8886c80\" data-element_type=\"container\" data-settings=\"{&quot;_ha_eqh_enable&quot;:false}\">\n\t\t\t\t\t<div class=\"e-con-inner\">\n\t\t\t\t<div class=\"elementor-element elementor-element-2035a4c elementor-widget elementor-widget-image\" data-id=\"2035a4c\" data-element_type=\"widget\" data-widget_type=\"image.default\">\n\t\t\t\t<div class=\"elementor-widget-container\">\n\t\t\t\t\t\t\t\t\t\t\t\t\t\t\t<img loading=\"lazy\" decoding=\"async\" width=\"1024\" height=\"683\" src=\"https:\/\/lapaz.bo\/redcooperacion\/wp-content\/uploads\/2025\/03\/UCCI_Directores7-1024x683.jpg\" class=\"attachment-large size-large wp-image-4518\" alt=\"\" srcset=\"https:\/\/lapaz.bo\/redcooperacion\/wp-content\/uploads\/2025\/03\/UCCI_Directores7-1024x683.jpg 1024w, https:\/\/lapaz.bo\/redcooperacion\/wp-content\/uploads\/2025\/03\/UCCI_Directores7-300x200.jpg 300w, https:\/\/lapaz.bo\/redcooperacion\/wp-content\/uploads\/2025\/03\/UCCI_Directores7-768x512.jpg 768w, https:\/\/lapaz.bo\/redcooperacion\/wp-content\/uploads\/2025\/03\/UCCI_Directores7-1536x1024.jpg 1536w, https:\/\/lapaz.bo\/redcooperacion\/wp-content\/uploads\/2025\/03\/UCCI_Directores7-1320x880.jpg 1320w, https:\/\/lapaz.bo\/redcooperacion\/wp-content\/uploads\/2025\/03\/UCCI_Directores7.jpg 2048w\" sizes=\"(max-width: 1024px) 100vw, 1024px\" \/>\t\t\t\t\t\t\t\t\t\t\t\t\t\t\t<\/div>\n\t\t\t\t<\/div>\n\t\t\t\t<div class=\"elementor-element elementor-element-8c9c153 elementor-widget elementor-widget-image\" data-id=\"8c9c153\" data-element_type=\"widget\" data-widget_type=\"image.default\">\n\t\t\t\t<div class=\"elementor-widget-container\">\n\t\t\t\t\t\t\t\t\t\t\t\t\t\t\t<img loading=\"lazy\" decoding=\"async\" width=\"1024\" height=\"683\" src=\"https:\/\/lapaz.bo\/redcooperacion\/wp-content\/uploads\/2025\/03\/UCCI_Directores8-1024x683.jpg\" class=\"attachment-large size-large wp-image-4517\" alt=\"\" srcset=\"https:\/\/lapaz.bo\/redcooperacion\/wp-content\/uploads\/2025\/03\/UCCI_Directores8-1024x683.jpg 1024w, https:\/\/lapaz.bo\/redcooperacion\/wp-content\/uploads\/2025\/03\/UCCI_Directores8-300x200.jpg 300w, https:\/\/lapaz.bo\/redcooperacion\/wp-content\/uploads\/2025\/03\/UCCI_Directores8-768x512.jpg 768w, https:\/\/lapaz.bo\/redcooperacion\/wp-content\/uploads\/2025\/03\/UCCI_Directores8-1536x1024.jpg 1536w, https:\/\/lapaz.bo\/redcooperacion\/wp-content\/uploads\/2025\/03\/UCCI_Directores8-1320x880.jpg 1320w, https:\/\/lapaz.bo\/redcooperacion\/wp-content\/uploads\/2025\/03\/UCCI_Directores8.jpg 2048w\" sizes=\"(max-width: 1024px) 100vw, 1024px\" \/>\t\t\t\t\t\t\t\t\t\t\t\t\t\t\t<\/div>\n\t\t\t\t<\/div>\n\t\t\t\t<div class=\"elementor-element elementor-element-4e32a00 elementor-widget elementor-widget-image\" data-id=\"4e32a00\" data-element_type=\"widget\" data-widget_type=\"image.default\">\n\t\t\t\t<div class=\"elementor-widget-container\">\n\t\t\t\t\t\t\t\t\t\t\t\t\t\t\t<img loading=\"lazy\" decoding=\"async\" width=\"1024\" height=\"683\" src=\"https:\/\/lapaz.bo\/redcooperacion\/wp-content\/uploads\/2025\/03\/UCCI_Directores9-1024x683.jpg\" class=\"attachment-large size-large wp-image-4516\" alt=\"\" srcset=\"https:\/\/lapaz.bo\/redcooperacion\/wp-content\/uploads\/2025\/03\/UCCI_Directores9-1024x683.jpg 1024w, https:\/\/lapaz.bo\/redcooperacion\/wp-content\/uploads\/2025\/03\/UCCI_Directores9-300x200.jpg 300w, https:\/\/lapaz.bo\/redcooperacion\/wp-content\/uploads\/2025\/03\/UCCI_Directores9-768x512.jpg 768w, https:\/\/lapaz.bo\/redcooperacion\/wp-content\/uploads\/2025\/03\/UCCI_Directores9-1536x1024.jpg 1536w, https:\/\/lapaz.bo\/redcooperacion\/wp-content\/uploads\/2025\/03\/UCCI_Directores9-1320x880.jpg 1320w, https:\/\/lapaz.bo\/redcooperacion\/wp-content\/uploads\/2025\/03\/UCCI_Directores9.jpg 2048w\" sizes=\"(max-width: 1024px) 100vw, 1024px\" \/>\t\t\t\t\t\t\t\t\t\t\t\t\t\t\t<\/div>\n\t\t\t\t<\/div>\n\t\t\t\t\t<\/div>\n\t\t\t\t<\/div>\n\t\t\t\t<\/div>\n\t\t","protected":false},"excerpt":{"rendered":"<p>\u2022 El alcalde de San Salvador y copresidente UCCI, Mario Dur\u00e1n, inaugur\u00f3 la cita anual en la que se definen las estrategias para 2025 y se ponen en valor los&#8230;<\/p>\n","protected":false},"author":16,"featured_media":4505,"comment_status":"open","ping_status":"open","sticky":false,"template":"","format":"standard","meta":{"_acf_changed":false,"_bbp_topic_count":0,"_bbp_reply_count":0,"_bbp_total_topic_count":0,"_bbp_total_reply_count":0,"_bbp_voice_count":0,"_bbp_anonymous_reply_count":0,"_bbp_topic_count_hidden":0,"_bbp_reply_count_hidden":0,"_bbp_forum_subforum_count":0,"site-sidebar-layout":"default","site-content-layout":"","ast-site-content-layout":"default","site-content-style":"default","site-sidebar-style":"default","ast-global-header-display":"","ast-banner-title-visibility":"","ast-main-header-display":"","ast-hfb-above-header-display":"","ast-hfb-below-header-display":"","ast-hfb-mobile-header-display":"","site-post-title":"","ast-breadcrumbs-content":"","ast-featured-img":"","footer-sml-layout":"","theme-transparent-header-meta":"default","adv-header-id-meta":"","stick-header-meta":"","header-above-stick-meta":"","header-main-stick-meta":"","header-below-stick-meta":"","astra-migrate-meta-layouts":"set","ast-page-background-enabled":"default","ast-page-background-meta":{"desktop":{"background-color":"var(--ast-global-color-4)","background-image":"","background-repeat":"repeat","background-position":"center center","background-size":"auto","background-attachment":"scroll","background-type":"","background-media":"","overlay-type":"","overlay-color":"","overlay-opacity":"","overlay-gradient":""},"tablet":{"background-color":"","background-image":"","background-repeat":"repeat","background-position":"center center","background-size":"auto","background-attachment":"scroll","background-type":"","background-media":"","overlay-type":"","overlay-color":"","overlay-opacity":"","overlay-gradient":""},"mobile":{"background-color":"","background-image":"","background-repeat":"repeat","background-position":"center center","background-size":"auto","background-attachment":"scroll","background-type":"","background-media":"","overlay-type":"","overlay-color":"","overlay-opacity":"","overlay-gradient":""}},"ast-content-background-meta":{"desktop":{"background-color":"var(--ast-global-color-5)","background-image":"","background-repeat":"repeat","background-position":"center center","background-size":"auto","background-attachment":"scroll","background-type":"","background-media":"","overlay-type":"","overlay-color":"","overlay-opacity":"","overlay-gradient":""},"tablet":{"background-color":"var(--ast-global-color-5)","background-image":"","background-repeat":"repeat","background-position":"center center","background-size":"auto","background-attachment":"scroll","background-type":"","background-media":"","overlay-type":"","overlay-color":"","overlay-opacity":"","overlay-gradient":""},"mobile":{"background-color":"var(--ast-global-color-5)","background-image":"","background-repeat":"repeat","background-position":"center center","background-size":"auto","background-attachment":"scroll","background-type":"","background-media":"","overlay-type":"","overlay-color":"","overlay-opacity":"","overlay-gradient":""}},"footnotes":""},"categories":[5],"tags":[],"class_list":["post-4504","post","type-post","status-publish","format-standard","has-post-thumbnail","hentry","category-noticias"],"acf":[],"_links":{"self":[{"href":"https:\/\/lapaz.bo\/redcooperacion\/wp-json\/wp\/v2\/posts\/4504","targetHints":{"allow":["GET"]}}],"collection":[{"href":"https:\/\/lapaz.bo\/redcooperacion\/wp-json\/wp\/v2\/posts"}],"about":[{"href":"https:\/\/lapaz.bo\/redcooperacion\/wp-json\/wp\/v2\/types\/post"}],"author":[{"embeddable":true,"href":"https:\/\/lapaz.bo\/redcooperacion\/wp-json\/wp\/v2\/users\/16"}],"replies":[{"embeddable":true,"href":"https:\/\/lapaz.bo\/redcooperacion\/wp-json\/wp\/v2\/comments?post=4504"}],"version-history":[{"count":16,"href":"https:\/\/lapaz.bo\/redcooperacion\/wp-json\/wp\/v2\/posts\/4504\/revisions"}],"predecessor-version":[{"id":4530,"href":"https:\/\/lapaz.bo\/redcooperacion\/wp-json\/wp\/v2\/posts\/4504\/revisions\/4530"}],"wp:featuredmedia":[{"embeddable":true,"href":"https:\/\/lapaz.bo\/redcooperacion\/wp-json\/wp\/v2\/media\/4505"}],"wp:attachment":[{"href":"https:\/\/lapaz.bo\/redcooperacion\/wp-json\/wp\/v2\/media?parent=4504"}],"wp:term":[{"taxonomy":"category","embeddable":true,"href":"https:\/\/lapaz.bo\/redcooperacion\/wp-json\/wp\/v2\/categories?post=4504"},{"taxonomy":"post_tag","embeddable":true,"href":"https:\/\/lapaz.bo\/redcooperacion\/wp-json\/wp\/v2\/tags?post=4504"}],"curies":[{"name":"wp","href":"https:\/\/api.w.org\/{rel}","templated":true}]}}