{"id":4472,"date":"2025-02-28T12:38:28","date_gmt":"2025-02-28T16:38:28","guid":{"rendered":"https:\/\/lapaz.bo\/redcooperacion\/?p=4472"},"modified":"2025-02-28T12:39:04","modified_gmt":"2025-02-28T16:39:04","slug":"transporte-publico-con-cero-emisiones","status":"publish","type":"post","link":"https:\/\/lapaz.bo\/redcooperacion\/transporte-publico-con-cero-emisiones\/","title":{"rendered":"Transporte p\u00fablico con cero emisiones"},"content":{"rendered":"\t\t<div data-elementor-type=\"wp-post\" data-elementor-id=\"4472\" class=\"elementor elementor-4472\" data-elementor-settings=\"{&quot;ha_cmc_init_switcher&quot;:&quot;no&quot;}\">\n\t\t\t\t<div class=\"elementor-element elementor-element-db67c63 e-flex e-con-boxed wpr-particle-no wpr-jarallax-no wpr-parallax-no wpr-sticky-section-no e-con e-parent\" data-id=\"db67c63\" data-element_type=\"container\" data-settings=\"{&quot;_ha_eqh_enable&quot;:false}\">\n\t\t\t\t\t<div class=\"e-con-inner\">\n\t\t\t\t<div class=\"elementor-element elementor-element-842d823 elementor-widget elementor-widget-image\" data-id=\"842d823\" data-element_type=\"widget\" data-widget_type=\"image.default\">\n\t\t\t\t<div class=\"elementor-widget-container\">\n\t\t\t\t\t\t\t\t\t\t\t\t\t\t\t<img fetchpriority=\"high\" decoding=\"async\" width=\"800\" height=\"800\" src=\"https:\/\/lapaz.bo\/redcooperacion\/wp-content\/uploads\/2025\/02\/tumi.jpeg\" class=\"attachment-large size-large wp-image-4473\" alt=\"\" srcset=\"https:\/\/lapaz.bo\/redcooperacion\/wp-content\/uploads\/2025\/02\/tumi.jpeg 800w, https:\/\/lapaz.bo\/redcooperacion\/wp-content\/uploads\/2025\/02\/tumi-300x300.jpeg 300w, https:\/\/lapaz.bo\/redcooperacion\/wp-content\/uploads\/2025\/02\/tumi-150x150.jpeg 150w, https:\/\/lapaz.bo\/redcooperacion\/wp-content\/uploads\/2025\/02\/tumi-768x768.jpeg 768w\" sizes=\"(max-width: 800px) 100vw, 800px\" \/>\t\t\t\t\t\t\t\t\t\t\t\t\t\t\t<\/div>\n\t\t\t\t<\/div>\n\t\t\t\t\t<\/div>\n\t\t\t\t<\/div>\n\t\t<div class=\"elementor-element elementor-element-141c2a2 e-flex e-con-boxed wpr-particle-no wpr-jarallax-no wpr-parallax-no wpr-sticky-section-no e-con e-parent\" data-id=\"141c2a2\" data-element_type=\"container\" data-settings=\"{&quot;_ha_eqh_enable&quot;:false}\">\n\t\t\t\t\t<div class=\"e-con-inner\">\n\t\t\t\t<div class=\"elementor-element elementor-element-4e2cfce elementor-widget elementor-widget-text-editor\" data-id=\"4e2cfce\" data-element_type=\"widget\" data-widget_type=\"text-editor.default\">\n\t\t\t\t<div class=\"elementor-widget-container\">\n\t\t\t\t\t\t\t\t\t<p>\ud83c\udf0d\ud83d\ude97El curso \u201dExplorando el Mundo de los Autobuses El\u00e9ctricos: Transporte p\u00fablico con cero emisiones\u201d comienza el 24 de febrero. \ud83d\ude97\ud83c\udf0d <br \/>\u00a1Estamos emocionados de compartir el pr\u00f3ximo curso en l\u00ednea desarrollado por Transformative Urban Mobility Initiative, PEM Motion y la Universidad RWTH Aachen que nosotros estaremos moderando! \u2728<\/p><p>Durante seis semanas, adquirir\u00e1s una comprensi\u00f3n fundamental sobre la planificaci\u00f3n, operaci\u00f3n y mantenimiento de autobuses el\u00e9ctricos. \ud83d\udcda\ud83c\udf1f <br \/><br \/>\u00bfQu\u00e9 temas cubrir\u00e1 este curso? <br \/>Semana 1: Introducci\u00f3n a los autobuses el\u00e9ctricos y sus beneficios <br \/>Semana 2: Planificaci\u00f3n de proyectos de e-buses e involucramiento de las partes interesadas <br \/>Semana 3: Selecci\u00f3n de tecnolog\u00edas y modelos de financiamiento <br \/>Semana 4: Planificaci\u00f3n de operaciones y monitoreo <br \/>Semana 5: Capacitaci\u00f3n del personal y oportunidades de empleo <br \/>Semana 6: Final de vida \u00fatil de las bater\u00edas: pr\u00e1cticas de desecho y reciclaje<\/p><p>\u00bfPor qu\u00e9 unirte a este curso? <br \/>Inscribirte en este curso te brindar\u00e1 las habilidades necesarias para ayudar a dar forma al futuro de la movilidad sostenible y te conectar\u00e1 con una red de profesionales. <br \/><br \/>\u00a1El registro ya est\u00e1 abierto! \ud83d\udc49 https:\/\/lnkd.in\/d8D9Rmmf<\/p>\t\t\t\t\t\t\t\t<\/div>\n\t\t\t\t<\/div>\n\t\t\t\t\t<\/div>\n\t\t\t\t<\/div>\n\t\t\t\t<\/div>\n\t\t","protected":false},"excerpt":{"rendered":"<p>\ud83c\udf0d\ud83d\ude97El curso \u201dExplorando el Mundo de los Autobuses El\u00e9ctricos: Transporte p\u00fablico con cero emisiones\u201d comienza el 24 de febrero. \ud83d\ude97\ud83c\udf0d \u00a1Estamos emocionados de compartir el pr\u00f3ximo curso en l\u00ednea desarrollado&#8230;<\/p>\n","protected":false},"author":16,"featured_media":4473,"comment_status":"open","ping_status":"open","sticky":false,"template":"","format":"standard","meta":{"_acf_changed":false,"_bbp_topic_count":0,"_bbp_reply_count":0,"_bbp_total_topic_count":0,"_bbp_total_reply_count":0,"_bbp_voice_count":0,"_bbp_anonymous_reply_count":0,"_bbp_topic_count_hidden":0,"_bbp_reply_count_hidden":0,"_bbp_forum_subforum_count":0,"site-sidebar-layout":"default","site-content-layout":"","ast-site-content-layout":"default","site-content-style":"default","site-sidebar-style":"default","ast-global-header-display":"","ast-banner-title-visibility":"","ast-main-header-display":"","ast-hfb-above-header-display":"","ast-hfb-below-header-display":"","ast-hfb-mobile-header-display":"","site-post-title":"","ast-breadcrumbs-content":"","ast-featured-img":"","footer-sml-layout":"","theme-transparent-header-meta":"default","adv-header-id-meta":"","stick-header-meta":"","header-above-stick-meta":"","header-main-stick-meta":"","header-below-stick-meta":"","astra-migrate-meta-layouts":"set","ast-page-background-enabled":"default","ast-page-background-meta":{"desktop":{"background-color":"var(--ast-global-color-4)","background-image":"","background-repeat":"repeat","background-position":"center center","background-size":"auto","background-attachment":"scroll","background-type":"","background-media":"","overlay-type":"","overlay-color":"","overlay-opacity":"","overlay-gradient":""},"tablet":{"background-color":"","background-image":"","background-repeat":"repeat","background-position":"center center","background-size":"auto","background-attachment":"scroll","background-type":"","background-media":"","overlay-type":"","overlay-color":"","overlay-opacity":"","overlay-gradient":""},"mobile":{"background-color":"","background-image":"","background-repeat":"repeat","background-position":"center center","background-size":"auto","background-attachment":"scroll","background-type":"","background-media":"","overlay-type":"","overlay-color":"","overlay-opacity":"","overlay-gradient":""}},"ast-content-background-meta":{"desktop":{"background-color":"var(--ast-global-color-5)","background-image":"","background-repeat":"repeat","background-position":"center center","background-size":"auto","background-attachment":"scroll","background-type":"","background-media":"","overlay-type":"","overlay-color":"","overlay-opacity":"","overlay-gradient":""},"tablet":{"background-color":"var(--ast-global-color-5)","background-image":"","background-repeat":"repeat","background-position":"center center","background-size":"auto","background-attachment":"scroll","background-type":"","background-media":"","overlay-type":"","overlay-color":"","overlay-opacity":"","overlay-gradient":""},"mobile":{"background-color":"var(--ast-global-color-5)","background-image":"","background-repeat":"repeat","background-position":"center center","background-size":"auto","background-attachment":"scroll","background-type":"","background-media":"","overlay-type":"","overlay-color":"","overlay-opacity":"","overlay-gradient":""}},"footnotes":""},"categories":[27],"tags":[],"class_list":["post-4472","post","type-post","status-publish","format-standard","has-post-thumbnail","hentry","category-convocatorias"],"acf":[],"_links":{"self":[{"href":"https:\/\/lapaz.bo\/redcooperacion\/wp-json\/wp\/v2\/posts\/4472","targetHints":{"allow":["GET"]}}],"collection":[{"href":"https:\/\/lapaz.bo\/redcooperacion\/wp-json\/wp\/v2\/posts"}],"about":[{"href":"https:\/\/lapaz.bo\/redcooperacion\/wp-json\/wp\/v2\/types\/post"}],"author":[{"embeddable":true,"href":"https:\/\/lapaz.bo\/redcooperacion\/wp-json\/wp\/v2\/users\/16"}],"replies":[{"embeddable":true,"href":"https:\/\/lapaz.bo\/redcooperacion\/wp-json\/wp\/v2\/comments?post=4472"}],"version-history":[{"count":4,"href":"https:\/\/lapaz.bo\/redcooperacion\/wp-json\/wp\/v2\/posts\/4472\/revisions"}],"predecessor-version":[{"id":4477,"href":"https:\/\/lapaz.bo\/redcooperacion\/wp-json\/wp\/v2\/posts\/4472\/revisions\/4477"}],"wp:featuredmedia":[{"embeddable":true,"href":"https:\/\/lapaz.bo\/redcooperacion\/wp-json\/wp\/v2\/media\/4473"}],"wp:attachment":[{"href":"https:\/\/lapaz.bo\/redcooperacion\/wp-json\/wp\/v2\/media?parent=4472"}],"wp:term":[{"taxonomy":"category","embeddable":true,"href":"https:\/\/lapaz.bo\/redcooperacion\/wp-json\/wp\/v2\/categories?post=4472"},{"taxonomy":"post_tag","embeddable":true,"href":"https:\/\/lapaz.bo\/redcooperacion\/wp-json\/wp\/v2\/tags?post=4472"}],"curies":[{"name":"wp","href":"https:\/\/api.w.org\/{rel}","templated":true}]}}