{"id":4041,"date":"2024-12-27T15:03:38","date_gmt":"2024-12-27T19:03:38","guid":{"rendered":"https:\/\/pr2.javixd.com\/?p=4041"},"modified":"2024-12-27T15:05:21","modified_gmt":"2024-12-27T19:05:21","slug":"gobierno-municipal-de-la-paz-logra-el-apoyo-del-banco-prodem-s-a-para-enfrentar-las-consecuencias-de-las-intensas-lluvias","status":"publish","type":"post","link":"https:\/\/lapaz.bo\/redcooperacion\/gobierno-municipal-de-la-paz-logra-el-apoyo-del-banco-prodem-s-a-para-enfrentar-las-consecuencias-de-las-intensas-lluvias\/","title":{"rendered":"Gobierno Municipal de La Paz logra el apoyo del Banco PRODEM S.A. para enfrentar las consecuencias de las intensas lluvias"},"content":{"rendered":"\t\t<div data-elementor-type=\"wp-post\" data-elementor-id=\"4041\" class=\"elementor elementor-4041\" data-elementor-settings=\"{&quot;ha_cmc_init_switcher&quot;:&quot;no&quot;}\">\n\t\t\t\t<div class=\"elementor-element elementor-element-4a3a2be e-flex e-con-boxed wpr-particle-no wpr-jarallax-no wpr-parallax-no wpr-sticky-section-no e-con e-parent\" data-id=\"4a3a2be\" data-element_type=\"container\" data-settings=\"{&quot;_ha_eqh_enable&quot;:false}\">\n\t\t\t\t\t<div class=\"e-con-inner\">\n\t\t\t\t<div class=\"elementor-element elementor-element-d2e3153 elementor-widget elementor-widget-image\" data-id=\"d2e3153\" data-element_type=\"widget\" data-widget_type=\"image.default\">\n\t\t\t\t<div class=\"elementor-widget-container\">\n\t\t\t\t\t\t\t\t\t\t\t\t\t\t\t<img fetchpriority=\"high\" decoding=\"async\" width=\"1024\" height=\"1024\" src=\"https:\/\/lapaz.bo\/redcooperacion\/wp-content\/uploads\/2024\/12\/2-2-1024x1024.jpg\" class=\"attachment-large size-large wp-image-4034\" alt=\"\" srcset=\"https:\/\/lapaz.bo\/redcooperacion\/wp-content\/uploads\/2024\/12\/2-2-1024x1024.jpg 1024w, https:\/\/lapaz.bo\/redcooperacion\/wp-content\/uploads\/2024\/12\/2-2-300x300.jpg 300w, https:\/\/lapaz.bo\/redcooperacion\/wp-content\/uploads\/2024\/12\/2-2-150x150.jpg 150w, https:\/\/lapaz.bo\/redcooperacion\/wp-content\/uploads\/2024\/12\/2-2-768x768.jpg 768w, https:\/\/lapaz.bo\/redcooperacion\/wp-content\/uploads\/2024\/12\/2-2-1536x1536.jpg 1536w, https:\/\/lapaz.bo\/redcooperacion\/wp-content\/uploads\/2024\/12\/2-2-1320x1320.jpg 1320w, https:\/\/lapaz.bo\/redcooperacion\/wp-content\/uploads\/2024\/12\/2-2.jpg 1600w\" sizes=\"(max-width: 1024px) 100vw, 1024px\" \/>\t\t\t\t\t\t\t\t\t\t\t\t\t\t\t<\/div>\n\t\t\t\t<\/div>\n\t\t\t\t\t<\/div>\n\t\t\t\t<\/div>\n\t\t<div class=\"elementor-element elementor-element-0932e73 e-flex e-con-boxed wpr-particle-no wpr-jarallax-no wpr-parallax-no wpr-sticky-section-no e-con e-parent\" data-id=\"0932e73\" data-element_type=\"container\" data-settings=\"{&quot;_ha_eqh_enable&quot;:false}\">\n\t\t\t\t\t<div class=\"e-con-inner\">\n\t\t\t\t<div class=\"elementor-element elementor-element-3afd94a elementor-widget elementor-widget-text-editor\" data-id=\"3afd94a\" data-element_type=\"widget\" data-widget_type=\"text-editor.default\">\n\t\t\t\t<div class=\"elementor-widget-container\">\n\t\t\t\t\t\t\t\t\t<p>El Gobierno Aut\u00f3nomo Municipal de La Paz, a trav\u00e9s de su Agencia Municipal de Cooperaci\u00f3n, en su compromiso de brindar una pronta respuesta a las familias afectadas por los recientes deslizamientos causados por las intensas lluvias, ha logrado el apoyo del Banco PRODEM S.A.\u00a0<\/p><p>Gracias a este patrocinio, el municipio ha podido obtener en calidad de donaci\u00f3n un lote de bombas de lodo, equipos indispensables para la extracci\u00f3n de este material de las viviendas afectadas. Estas bombas ser\u00e1n destinadas de manera inmediata a las zonas m\u00e1s afectadas, agilizando as\u00ed las labores de limpieza y rehabilitaci\u00f3n de los hogares afectados.<\/p><p>El Gobierno Aut\u00f3nomo Municipal de La Paz expresa su agradecimiento al Banco PRODEM S.A. destacando la importancia de esta donaci\u00f3n para la atenci\u00f3n de emergencias.<\/p><p>Estamos convencidos de que esta donaci\u00f3n contribuir\u00e1 a aliviar la situaci\u00f3n de las familias afectadas y a acelerar la recuperaci\u00f3n de las zonas da\u00f1adas\u201d.<\/p><p>Con esta nueva donaci\u00f3n, el Gobierno Municipal de La Paz reafirma su compromiso de trabajar de manera coordinada con el sector privado y la sociedad civil para enfrentar los desaf\u00edos que plantea esta emergencia.<\/p>\t\t\t\t\t\t\t\t<\/div>\n\t\t\t\t<\/div>\n\t\t\t\t\t<\/div>\n\t\t\t\t<\/div>\n\t\t<div class=\"elementor-element elementor-element-131ab1e e-grid e-con-boxed wpr-particle-no wpr-jarallax-no wpr-parallax-no wpr-sticky-section-no e-con e-parent\" data-id=\"131ab1e\" data-element_type=\"container\" data-settings=\"{&quot;_ha_eqh_enable&quot;:false}\">\n\t\t\t\t\t<div class=\"e-con-inner\">\n\t\t\t\t<div class=\"elementor-element elementor-element-ba920ee elementor-widget elementor-widget-image\" data-id=\"ba920ee\" data-element_type=\"widget\" data-widget_type=\"image.default\">\n\t\t\t\t<div class=\"elementor-widget-container\">\n\t\t\t\t\t\t\t\t\t\t\t\t\t\t\t<img decoding=\"async\" width=\"1024\" height=\"1024\" src=\"https:\/\/lapaz.bo\/redcooperacion\/wp-content\/uploads\/2024\/12\/1-2-1024x1024.jpg\" class=\"attachment-large size-large wp-image-4033\" alt=\"\" srcset=\"https:\/\/lapaz.bo\/redcooperacion\/wp-content\/uploads\/2024\/12\/1-2-1024x1024.jpg 1024w, https:\/\/lapaz.bo\/redcooperacion\/wp-content\/uploads\/2024\/12\/1-2-300x300.jpg 300w, https:\/\/lapaz.bo\/redcooperacion\/wp-content\/uploads\/2024\/12\/1-2-150x150.jpg 150w, https:\/\/lapaz.bo\/redcooperacion\/wp-content\/uploads\/2024\/12\/1-2-768x768.jpg 768w, https:\/\/lapaz.bo\/redcooperacion\/wp-content\/uploads\/2024\/12\/1-2-1536x1536.jpg 1536w, https:\/\/lapaz.bo\/redcooperacion\/wp-content\/uploads\/2024\/12\/1-2-1320x1320.jpg 1320w, https:\/\/lapaz.bo\/redcooperacion\/wp-content\/uploads\/2024\/12\/1-2.jpg 1600w\" sizes=\"(max-width: 1024px) 100vw, 1024px\" \/>\t\t\t\t\t\t\t\t\t\t\t\t\t\t\t<\/div>\n\t\t\t\t<\/div>\n\t\t\t\t<div class=\"elementor-element elementor-element-d28de73 elementor-widget elementor-widget-image\" data-id=\"d28de73\" data-element_type=\"widget\" data-widget_type=\"image.default\">\n\t\t\t\t<div class=\"elementor-widget-container\">\n\t\t\t\t\t\t\t\t\t\t\t\t\t\t\t<img decoding=\"async\" width=\"1024\" height=\"1024\" src=\"https:\/\/lapaz.bo\/redcooperacion\/wp-content\/uploads\/2024\/12\/4-1-1024x1024.jpg\" class=\"attachment-large size-large wp-image-4035\" alt=\"\" srcset=\"https:\/\/lapaz.bo\/redcooperacion\/wp-content\/uploads\/2024\/12\/4-1-1024x1024.jpg 1024w, https:\/\/lapaz.bo\/redcooperacion\/wp-content\/uploads\/2024\/12\/4-1-300x300.jpg 300w, https:\/\/lapaz.bo\/redcooperacion\/wp-content\/uploads\/2024\/12\/4-1-150x150.jpg 150w, https:\/\/lapaz.bo\/redcooperacion\/wp-content\/uploads\/2024\/12\/4-1-768x768.jpg 768w, https:\/\/lapaz.bo\/redcooperacion\/wp-content\/uploads\/2024\/12\/4-1-1536x1536.jpg 1536w, https:\/\/lapaz.bo\/redcooperacion\/wp-content\/uploads\/2024\/12\/4-1-1320x1320.jpg 1320w, https:\/\/lapaz.bo\/redcooperacion\/wp-content\/uploads\/2024\/12\/4-1.jpg 1600w\" sizes=\"(max-width: 1024px) 100vw, 1024px\" \/>\t\t\t\t\t\t\t\t\t\t\t\t\t\t\t<\/div>\n\t\t\t\t<\/div>\n\t\t\t\t<div class=\"elementor-element elementor-element-181abf9 elementor-widget elementor-widget-image\" data-id=\"181abf9\" data-element_type=\"widget\" data-widget_type=\"image.default\">\n\t\t\t\t<div class=\"elementor-widget-container\">\n\t\t\t\t\t\t\t\t\t\t\t\t\t\t\t<img loading=\"lazy\" decoding=\"async\" width=\"1024\" height=\"1024\" src=\"https:\/\/lapaz.bo\/redcooperacion\/wp-content\/uploads\/2024\/12\/5-1-1024x1024.jpg\" class=\"attachment-large size-large wp-image-4036\" alt=\"\" srcset=\"https:\/\/lapaz.bo\/redcooperacion\/wp-content\/uploads\/2024\/12\/5-1-1024x1024.jpg 1024w, https:\/\/lapaz.bo\/redcooperacion\/wp-content\/uploads\/2024\/12\/5-1-300x300.jpg 300w, https:\/\/lapaz.bo\/redcooperacion\/wp-content\/uploads\/2024\/12\/5-1-150x150.jpg 150w, https:\/\/lapaz.bo\/redcooperacion\/wp-content\/uploads\/2024\/12\/5-1-768x768.jpg 768w, https:\/\/lapaz.bo\/redcooperacion\/wp-content\/uploads\/2024\/12\/5-1-1536x1536.jpg 1536w, https:\/\/lapaz.bo\/redcooperacion\/wp-content\/uploads\/2024\/12\/5-1-1320x1320.jpg 1320w, https:\/\/lapaz.bo\/redcooperacion\/wp-content\/uploads\/2024\/12\/5-1.jpg 1600w\" sizes=\"(max-width: 1024px) 100vw, 1024px\" \/>\t\t\t\t\t\t\t\t\t\t\t\t\t\t\t<\/div>\n\t\t\t\t<\/div>\n\t\t\t\t\t<\/div>\n\t\t\t\t<\/div>\n\t\t\t\t<\/div>\n\t\t","protected":false},"excerpt":{"rendered":"<p>El Gobierno Aut\u00f3nomo Municipal de La Paz, a trav\u00e9s de su Agencia Municipal de Cooperaci\u00f3n, en su compromiso de brindar una pronta respuesta a las familias afectadas por los recientes&#8230;<\/p>\n","protected":false},"author":16,"featured_media":4034,"comment_status":"open","ping_status":"open","sticky":false,"template":"","format":"standard","meta":{"_acf_changed":false,"_bbp_topic_count":0,"_bbp_reply_count":0,"_bbp_total_topic_count":0,"_bbp_total_reply_count":0,"_bbp_voice_count":0,"_bbp_anonymous_reply_count":0,"_bbp_topic_count_hidden":0,"_bbp_reply_count_hidden":0,"_bbp_forum_subforum_count":0,"site-sidebar-layout":"default","site-content-layout":"","ast-site-content-layout":"default","site-content-style":"default","site-sidebar-style":"default","ast-global-header-display":"","ast-banner-title-visibility":"","ast-main-header-display":"","ast-hfb-above-header-display":"","ast-hfb-below-header-display":"","ast-hfb-mobile-header-display":"","site-post-title":"","ast-breadcrumbs-content":"","ast-featured-img":"","footer-sml-layout":"","theme-transparent-header-meta":"default","adv-header-id-meta":"","stick-header-meta":"","header-above-stick-meta":"","header-main-stick-meta":"","header-below-stick-meta":"","astra-migrate-meta-layouts":"set","ast-page-background-enabled":"default","ast-page-background-meta":{"desktop":{"background-color":"var(--ast-global-color-4)","background-image":"","background-repeat":"repeat","background-position":"center center","background-size":"auto","background-attachment":"scroll","background-type":"","background-media":"","overlay-type":"","overlay-color":"","overlay-opacity":"","overlay-gradient":""},"tablet":{"background-color":"","background-image":"","background-repeat":"repeat","background-position":"center center","background-size":"auto","background-attachment":"scroll","background-type":"","background-media":"","overlay-type":"","overlay-color":"","overlay-opacity":"","overlay-gradient":""},"mobile":{"background-color":"","background-image":"","background-repeat":"repeat","background-position":"center center","background-size":"auto","background-attachment":"scroll","background-type":"","background-media":"","overlay-type":"","overlay-color":"","overlay-opacity":"","overlay-gradient":""}},"ast-content-background-meta":{"desktop":{"background-color":"var(--ast-global-color-5)","background-image":"","background-repeat":"repeat","background-position":"center center","background-size":"auto","background-attachment":"scroll","background-type":"","background-media":"","overlay-type":"","overlay-color":"","overlay-opacity":"","overlay-gradient":""},"tablet":{"background-color":"var(--ast-global-color-5)","background-image":"","background-repeat":"repeat","background-position":"center center","background-size":"auto","background-attachment":"scroll","background-type":"","background-media":"","overlay-type":"","overlay-color":"","overlay-opacity":"","overlay-gradient":""},"mobile":{"background-color":"var(--ast-global-color-5)","background-image":"","background-repeat":"repeat","background-position":"center center","background-size":"auto","background-attachment":"scroll","background-type":"","background-media":"","overlay-type":"","overlay-color":"","overlay-opacity":"","overlay-gradient":""}},"footnotes":""},"categories":[5],"tags":[],"class_list":["post-4041","post","type-post","status-publish","format-standard","has-post-thumbnail","hentry","category-noticias"],"acf":[],"_links":{"self":[{"href":"https:\/\/lapaz.bo\/redcooperacion\/wp-json\/wp\/v2\/posts\/4041","targetHints":{"allow":["GET"]}}],"collection":[{"href":"https:\/\/lapaz.bo\/redcooperacion\/wp-json\/wp\/v2\/posts"}],"about":[{"href":"https:\/\/lapaz.bo\/redcooperacion\/wp-json\/wp\/v2\/types\/post"}],"author":[{"embeddable":true,"href":"https:\/\/lapaz.bo\/redcooperacion\/wp-json\/wp\/v2\/users\/16"}],"replies":[{"embeddable":true,"href":"https:\/\/lapaz.bo\/redcooperacion\/wp-json\/wp\/v2\/comments?post=4041"}],"version-history":[{"count":4,"href":"https:\/\/lapaz.bo\/redcooperacion\/wp-json\/wp\/v2\/posts\/4041\/revisions"}],"predecessor-version":[{"id":4045,"href":"https:\/\/lapaz.bo\/redcooperacion\/wp-json\/wp\/v2\/posts\/4041\/revisions\/4045"}],"wp:featuredmedia":[{"embeddable":true,"href":"https:\/\/lapaz.bo\/redcooperacion\/wp-json\/wp\/v2\/media\/4034"}],"wp:attachment":[{"href":"https:\/\/lapaz.bo\/redcooperacion\/wp-json\/wp\/v2\/media?parent=4041"}],"wp:term":[{"taxonomy":"category","embeddable":true,"href":"https:\/\/lapaz.bo\/redcooperacion\/wp-json\/wp\/v2\/categories?post=4041"},{"taxonomy":"post_tag","embeddable":true,"href":"https:\/\/lapaz.bo\/redcooperacion\/wp-json\/wp\/v2\/tags?post=4041"}],"curies":[{"name":"wp","href":"https:\/\/api.w.org\/{rel}","templated":true}]}}