{"id":3989,"date":"2024-12-27T13:37:13","date_gmt":"2024-12-27T17:37:13","guid":{"rendered":"https:\/\/pr2.javixd.com\/?p=3989"},"modified":"2024-12-27T13:38:49","modified_gmt":"2024-12-27T17:38:49","slug":"webinario-ucci-vivienda-habitat-y-sostenibilidad","status":"publish","type":"post","link":"https:\/\/lapaz.bo\/redcooperacion\/webinario-ucci-vivienda-habitat-y-sostenibilidad\/","title":{"rendered":"Webinario UCCI: Vivienda, H\u00e1bitat y Sostenibilidad"},"content":{"rendered":"\t\t<div data-elementor-type=\"wp-post\" data-elementor-id=\"3989\" class=\"elementor elementor-3989\" data-elementor-settings=\"{&quot;ha_cmc_init_switcher&quot;:&quot;no&quot;}\">\n\t\t\t\t<div class=\"elementor-element elementor-element-6ea719d e-flex e-con-boxed wpr-particle-no wpr-jarallax-no wpr-parallax-no wpr-sticky-section-no e-con e-parent\" data-id=\"6ea719d\" data-element_type=\"container\" data-settings=\"{&quot;_ha_eqh_enable&quot;:false}\">\n\t\t\t\t\t<div class=\"e-con-inner\">\n\t\t\t\t<div class=\"elementor-element elementor-element-7f6693c elementor-widget elementor-widget-image\" data-id=\"7f6693c\" data-element_type=\"widget\" data-widget_type=\"image.default\">\n\t\t\t\t<div class=\"elementor-widget-container\">\n\t\t\t\t\t\t\t\t\t\t\t\t\t\t\t<img fetchpriority=\"high\" decoding=\"async\" width=\"677\" height=\"680\" src=\"https:\/\/lapaz.bo\/redcooperacion\/wp-content\/uploads\/2024\/12\/17dic.jpeg\" class=\"attachment-large size-large wp-image-3710\" alt=\"\" srcset=\"https:\/\/lapaz.bo\/redcooperacion\/wp-content\/uploads\/2024\/12\/17dic.jpeg 677w, https:\/\/lapaz.bo\/redcooperacion\/wp-content\/uploads\/2024\/12\/17dic-300x300.jpeg 300w, https:\/\/lapaz.bo\/redcooperacion\/wp-content\/uploads\/2024\/12\/17dic-150x150.jpeg 150w\" sizes=\"(max-width: 677px) 100vw, 677px\" \/>\t\t\t\t\t\t\t\t\t\t\t\t\t\t\t<\/div>\n\t\t\t\t<\/div>\n\t\t\t\t\t<\/div>\n\t\t\t\t<\/div>\n\t\t<div class=\"elementor-element elementor-element-d3c67d6 e-flex e-con-boxed wpr-particle-no wpr-jarallax-no wpr-parallax-no wpr-sticky-section-no e-con e-parent\" data-id=\"d3c67d6\" data-element_type=\"container\" data-settings=\"{&quot;_ha_eqh_enable&quot;:false}\">\n\t\t\t\t\t<div class=\"e-con-inner\">\n\t\t\t\t<div class=\"elementor-element elementor-element-071f04e elementor-widget elementor-widget-text-editor\" data-id=\"071f04e\" data-element_type=\"widget\" data-widget_type=\"text-editor.default\">\n\t\t\t\t<div class=\"elementor-widget-container\">\n\t\t\t\t\t\t\t\t\t<p class=\"MsoNormal\">Webinario #UCCI Vivienda, H\u00e1bitat y Sostenibilidad<o:p><\/o:p><\/p><p class=\"MsoNormal\">Ma\u00f1ana te invitamos a ser parte de un encuentro donde\nciudades iberoamericanas se unen para dialogar sobre los desaf\u00edos y\noportunidades en vivienda y h\u00e1bitat sostenibles.<o:p><\/o:p><\/p><p class=\"MsoNormal\">\u00bfDe qu\u00e9 vamos a hablar?<o:p><\/o:p><\/p><p class=\"MsoNormal\">&nbsp;Acceso a la vivienda\ny la sostenibilidad.<o:p><\/o:p><\/p><p class=\"MsoNormal\">Modelos de gobernanza para mejorar la calidad de vida.<o:p><\/o:p><\/p><p class=\"MsoNormal\">Cooperaci\u00f3n entre ciudades y expertos de la regi\u00f3n.<o:p><\/o:p><\/p><p class=\"MsoNormal\">Cu\u00e1ndo: Mi\u00e9rcoles 18 de diciembre.<o:p><\/o:p><\/p><p class=\"MsoNormal\">Horarios:<o:p><\/o:p><\/p><p class=\"MsoNormal\">10 AM &#8211; Argentina<o:p><\/o:p><\/p><p class=\"MsoNormal\">14 PM &#8211; Espa\u00f1a<o:p><\/o:p><\/p><p class=\"MsoNormal\">13 PM &#8211; Portugal<o:p><\/o:p><\/p><p class=\"MsoNormal\">7 AM &#8211; Centroam\u00e9rica<o:p><\/o:p><\/p><p class=\"MsoNormal\">Participan:<o:p><\/o:p><\/p><p class=\"MsoNormal\">Buenos Aires: Instituto de Vivienda de la Ciudad y Unidad de\nProyectos Especiales Barrio Mugica, Ministerio de Desarrollo Humano y H\u00e1bitat\nde la Ciudad de Buenos Aires @ivcbuenosaires @desarrollohumanoba<o:p><\/o:p><\/p><p class=\"MsoNormal\">Madrid: Empresa Municipal de la Vivienda y el Suelo\n@emvsmadrid<o:p><\/o:p><\/p><p class=\"MsoNormal\">Bogot\u00e1: Secretar\u00eda Distrital del H\u00e1bitat @habitatbogota<o:p><\/o:p><\/p><p class=\"MsoNormal\">Santiago de Chile: Gesti\u00f3n Patrimonial.<o:p><\/o:p><\/p><p class=\"MsoNormal\">\n\n\n\n\n\n\n\n\n\n\n\n\n\n\n\n\n\n\n\n\n\n\n\n\n\n\n\n\n\n\n\n\n\n<\/p><p class=\"MsoNormal\">Accede a trav\u00e9s de nuestro canal de Youtube: <a href=\"https:\/\/www.youtube.com\/@ucci-uniondeciudadescapita8639?app=desktop\">https:\/\/www.youtube.com\/@ucci-uniondeciudadescapita8639?app=desktop<\/a><o:p><\/o:p><\/p>\t\t\t\t\t\t\t\t<\/div>\n\t\t\t\t<\/div>\n\t\t\t\t\t<\/div>\n\t\t\t\t<\/div>\n\t\t\t\t<\/div>\n\t\t","protected":false},"excerpt":{"rendered":"<p>Webinario #UCCI Vivienda, H\u00e1bitat y Sostenibilidad Ma\u00f1ana te invitamos a ser parte de un encuentro donde ciudades iberoamericanas se unen para dialogar sobre los desaf\u00edos y oportunidades en vivienda y&#8230;<\/p>\n","protected":false},"author":16,"featured_media":3710,"comment_status":"open","ping_status":"open","sticky":false,"template":"","format":"standard","meta":{"_acf_changed":false,"_bbp_topic_count":0,"_bbp_reply_count":0,"_bbp_total_topic_count":0,"_bbp_total_reply_count":0,"_bbp_voice_count":0,"_bbp_anonymous_reply_count":0,"_bbp_topic_count_hidden":0,"_bbp_reply_count_hidden":0,"_bbp_forum_subforum_count":0,"site-sidebar-layout":"default","site-content-layout":"","ast-site-content-layout":"default","site-content-style":"default","site-sidebar-style":"default","ast-global-header-display":"","ast-banner-title-visibility":"","ast-main-header-display":"","ast-hfb-above-header-display":"","ast-hfb-below-header-display":"","ast-hfb-mobile-header-display":"","site-post-title":"","ast-breadcrumbs-content":"","ast-featured-img":"","footer-sml-layout":"","theme-transparent-header-meta":"default","adv-header-id-meta":"","stick-header-meta":"","header-above-stick-meta":"","header-main-stick-meta":"","header-below-stick-meta":"","astra-migrate-meta-layouts":"set","ast-page-background-enabled":"default","ast-page-background-meta":{"desktop":{"background-color":"var(--ast-global-color-4)","background-image":"","background-repeat":"repeat","background-position":"center center","background-size":"auto","background-attachment":"scroll","background-type":"","background-media":"","overlay-type":"","overlay-color":"","overlay-opacity":"","overlay-gradient":""},"tablet":{"background-color":"","background-image":"","background-repeat":"repeat","background-position":"center center","background-size":"auto","background-attachment":"scroll","background-type":"","background-media":"","overlay-type":"","overlay-color":"","overlay-opacity":"","overlay-gradient":""},"mobile":{"background-color":"","background-image":"","background-repeat":"repeat","background-position":"center center","background-size":"auto","background-attachment":"scroll","background-type":"","background-media":"","overlay-type":"","overlay-color":"","overlay-opacity":"","overlay-gradient":""}},"ast-content-background-meta":{"desktop":{"background-color":"var(--ast-global-color-5)","background-image":"","background-repeat":"repeat","background-position":"center center","background-size":"auto","background-attachment":"scroll","background-type":"","background-media":"","overlay-type":"","overlay-color":"","overlay-opacity":"","overlay-gradient":""},"tablet":{"background-color":"var(--ast-global-color-5)","background-image":"","background-repeat":"repeat","background-position":"center center","background-size":"auto","background-attachment":"scroll","background-type":"","background-media":"","overlay-type":"","overlay-color":"","overlay-opacity":"","overlay-gradient":""},"mobile":{"background-color":"var(--ast-global-color-5)","background-image":"","background-repeat":"repeat","background-position":"center center","background-size":"auto","background-attachment":"scroll","background-type":"","background-media":"","overlay-type":"","overlay-color":"","overlay-opacity":"","overlay-gradient":""}},"footnotes":""},"categories":[27],"tags":[],"class_list":["post-3989","post","type-post","status-publish","format-standard","has-post-thumbnail","hentry","category-convocatorias"],"acf":[],"_links":{"self":[{"href":"https:\/\/lapaz.bo\/redcooperacion\/wp-json\/wp\/v2\/posts\/3989","targetHints":{"allow":["GET"]}}],"collection":[{"href":"https:\/\/lapaz.bo\/redcooperacion\/wp-json\/wp\/v2\/posts"}],"about":[{"href":"https:\/\/lapaz.bo\/redcooperacion\/wp-json\/wp\/v2\/types\/post"}],"author":[{"embeddable":true,"href":"https:\/\/lapaz.bo\/redcooperacion\/wp-json\/wp\/v2\/users\/16"}],"replies":[{"embeddable":true,"href":"https:\/\/lapaz.bo\/redcooperacion\/wp-json\/wp\/v2\/comments?post=3989"}],"version-history":[{"count":4,"href":"https:\/\/lapaz.bo\/redcooperacion\/wp-json\/wp\/v2\/posts\/3989\/revisions"}],"predecessor-version":[{"id":3993,"href":"https:\/\/lapaz.bo\/redcooperacion\/wp-json\/wp\/v2\/posts\/3989\/revisions\/3993"}],"wp:featuredmedia":[{"embeddable":true,"href":"https:\/\/lapaz.bo\/redcooperacion\/wp-json\/wp\/v2\/media\/3710"}],"wp:attachment":[{"href":"https:\/\/lapaz.bo\/redcooperacion\/wp-json\/wp\/v2\/media?parent=3989"}],"wp:term":[{"taxonomy":"category","embeddable":true,"href":"https:\/\/lapaz.bo\/redcooperacion\/wp-json\/wp\/v2\/categories?post=3989"},{"taxonomy":"post_tag","embeddable":true,"href":"https:\/\/lapaz.bo\/redcooperacion\/wp-json\/wp\/v2\/tags?post=3989"}],"curies":[{"name":"wp","href":"https:\/\/api.w.org\/{rel}","templated":true}]}}