{"id":3829,"date":"2024-12-27T11:23:52","date_gmt":"2024-12-27T15:23:52","guid":{"rendered":"https:\/\/pr2.javixd.com\/?p=3829"},"modified":"2024-12-27T11:28:10","modified_gmt":"2024-12-27T15:28:10","slug":"transformacion-publica-digital-habilidades-para-el-futuro","status":"publish","type":"post","link":"https:\/\/lapaz.bo\/redcooperacion\/transformacion-publica-digital-habilidades-para-el-futuro\/","title":{"rendered":"\u00abTransformaci\u00f3n P\u00fablica Digital: Habilidades para el Futuro\u00bb"},"content":{"rendered":"\t\t<div data-elementor-type=\"wp-post\" data-elementor-id=\"3829\" class=\"elementor elementor-3829\" data-elementor-settings=\"{&quot;ha_cmc_init_switcher&quot;:&quot;no&quot;}\">\n\t\t\t\t<div class=\"elementor-element elementor-element-73d5b06 e-flex e-con-boxed wpr-particle-no wpr-jarallax-no wpr-parallax-no wpr-sticky-section-no e-con e-parent\" data-id=\"73d5b06\" data-element_type=\"container\" data-settings=\"{&quot;_ha_eqh_enable&quot;:false}\">\n\t\t\t\t\t<div class=\"e-con-inner\">\n\t\t\t\t<div class=\"elementor-element elementor-element-dddd0b2 elementor-widget elementor-widget-image\" data-id=\"dddd0b2\" data-element_type=\"widget\" data-widget_type=\"image.default\">\n\t\t\t\t<div class=\"elementor-widget-container\">\n\t\t\t\t\t\t\t\t\t\t\t\t\t\t\t<img fetchpriority=\"high\" decoding=\"async\" width=\"800\" height=\"533\" src=\"https:\/\/lapaz.bo\/redcooperacion\/wp-content\/uploads\/2024\/12\/26nov_a.jpeg\" class=\"attachment-large size-large wp-image-3720\" alt=\"\" srcset=\"https:\/\/lapaz.bo\/redcooperacion\/wp-content\/uploads\/2024\/12\/26nov_a.jpeg 800w, https:\/\/lapaz.bo\/redcooperacion\/wp-content\/uploads\/2024\/12\/26nov_a-300x200.jpeg 300w, https:\/\/lapaz.bo\/redcooperacion\/wp-content\/uploads\/2024\/12\/26nov_a-768x512.jpeg 768w\" sizes=\"(max-width: 800px) 100vw, 800px\" \/>\t\t\t\t\t\t\t\t\t\t\t\t\t\t\t<\/div>\n\t\t\t\t<\/div>\n\t\t\t\t\t<\/div>\n\t\t\t\t<\/div>\n\t\t<div class=\"elementor-element elementor-element-0f35f3e e-flex e-con-boxed wpr-particle-no wpr-jarallax-no wpr-parallax-no wpr-sticky-section-no e-con e-parent\" data-id=\"0f35f3e\" data-element_type=\"container\" data-settings=\"{&quot;_ha_eqh_enable&quot;:false}\">\n\t\t\t\t\t<div class=\"e-con-inner\">\n\t\t\t\t<div class=\"elementor-element elementor-element-7483ed7 elementor-widget elementor-widget-text-editor\" data-id=\"7483ed7\" data-element_type=\"widget\" data-widget_type=\"text-editor.default\">\n\t\t\t\t<div class=\"elementor-widget-container\">\n\t\t\t\t\t\t\t\t\t<p class=\"MsoNormal\">\u00a1Convi\u00e9rtete en l\u00edder de la transformaci\u00f3n digital! CAF\n-banco de desarrollo de Am\u00e9rica Latina y el Caribe- e INAP Instituto Nacional\nde Administraci\u00f3n P\u00fablica te invitan a inscribirte en el programa:<o:p><\/o:p><\/p><p class=\"MsoNormal\">\u00abTransformaci\u00f3n P\u00fablica Digital: Habilidades para el\nFuturo\u00bb<o:p><\/o:p><\/p><p class=\"MsoNormal\">Fecha: Del 20 de enero al 20 de marzo de 2025<o:p><\/o:p><\/p><p class=\"MsoNormal\">Modalidad: Virtual<o:p><\/o:p><\/p><p class=\"MsoNormal\">Este curso \u00fanico est\u00e1 dise\u00f1ado para fortalecer tus\ncapacidades en tecnolog\u00edas emergentes, innovaci\u00f3n y eficiencia operativa en la\nadministraci\u00f3n p\u00fablica, prepar\u00e1ndote para liderar el cambio en Am\u00e9rica Latina y\nel Caribe.<o:p><\/o:p><\/p><p class=\"MsoNormal\">\u00bfQu\u00e9 aprender\u00e1s?<o:p><\/o:p><\/p><p class=\"MsoNormal\">Automatizaci\u00f3n de procesos inteligentes<o:p><\/o:p><\/p><p class=\"MsoNormal\">Participaci\u00f3n ciudadana digital<o:p><\/o:p><\/p><p class=\"MsoNormal\">Gesti\u00f3n de datos y blockchain<o:p><\/o:p><\/p><p class=\"MsoNormal\">Herramientas de inteligencia artificial generativa<o:p><\/o:p><\/p><p class=\"MsoNormal\">\u00c9tica y privacidad en la IA<o:p><\/o:p><\/p><p class=\"MsoNormal\">\u00bfA qui\u00e9n est\u00e1 dirigido?<o:p><\/o:p><\/p><p class=\"MsoNormal\">Funcionarios p\u00fablicos de nivel medio y alto que lideren\n\u00e1reas clave en tecnolog\u00eda, innovaci\u00f3n, transparencia y toma de decisiones.<o:p><\/o:p><\/p><p class=\"MsoNormal\">Duraci\u00f3n: 36 horas acad\u00e9micas en 6 semanas<o:p><\/o:p><\/p><p class=\"MsoNormal\">Inscripciones abiertas: Del 15 de noviembre al 15 de\ndiciembre de 2024<o:p><\/o:p><\/p><p class=\"MsoNormal\">\u00a1No pierdas esta oportunidad de impulsar tu carrera y\ntransformar tu organizaci\u00f3n!<o:p><\/o:p><\/p><p>\n\n\n\n\n\n\n\n\n\n\n\n\n\n\n\n\n\n\n\n\n\n\n\n\n\n\n\n\n\n\n\n<\/p><p class=\"MsoNormal\">Inscr\u00edbete: <a href=\"https:\/\/lnkd.in\/ean-wyAu\">https:\/\/lnkd.in\/ean-wyAu<\/a><o:p><\/o:p><\/p>\t\t\t\t\t\t\t\t<\/div>\n\t\t\t\t<\/div>\n\t\t\t\t\t<\/div>\n\t\t\t\t<\/div>\n\t\t\t\t<\/div>\n\t\t","protected":false},"excerpt":{"rendered":"<p>\u00a1Convi\u00e9rtete en l\u00edder de la transformaci\u00f3n digital! CAF -banco de desarrollo de Am\u00e9rica Latina y el Caribe- e INAP Instituto Nacional de Administraci\u00f3n P\u00fablica te invitan a inscribirte en el&#8230;<\/p>\n","protected":false},"author":16,"featured_media":3720,"comment_status":"open","ping_status":"open","sticky":false,"template":"","format":"standard","meta":{"_acf_changed":false,"_bbp_topic_count":0,"_bbp_reply_count":0,"_bbp_total_topic_count":0,"_bbp_total_reply_count":0,"_bbp_voice_count":0,"_bbp_anonymous_reply_count":0,"_bbp_topic_count_hidden":0,"_bbp_reply_count_hidden":0,"_bbp_forum_subforum_count":0,"site-sidebar-layout":"default","site-content-layout":"","ast-site-content-layout":"default","site-content-style":"default","site-sidebar-style":"default","ast-global-header-display":"","ast-banner-title-visibility":"","ast-main-header-display":"","ast-hfb-above-header-display":"","ast-hfb-below-header-display":"","ast-hfb-mobile-header-display":"","site-post-title":"","ast-breadcrumbs-content":"","ast-featured-img":"","footer-sml-layout":"","theme-transparent-header-meta":"default","adv-header-id-meta":"","stick-header-meta":"","header-above-stick-meta":"","header-main-stick-meta":"","header-below-stick-meta":"","astra-migrate-meta-layouts":"set","ast-page-background-enabled":"default","ast-page-background-meta":{"desktop":{"background-color":"var(--ast-global-color-4)","background-image":"","background-repeat":"repeat","background-position":"center center","background-size":"auto","background-attachment":"scroll","background-type":"","background-media":"","overlay-type":"","overlay-color":"","overlay-opacity":"","overlay-gradient":""},"tablet":{"background-color":"","background-image":"","background-repeat":"repeat","background-position":"center center","background-size":"auto","background-attachment":"scroll","background-type":"","background-media":"","overlay-type":"","overlay-color":"","overlay-opacity":"","overlay-gradient":""},"mobile":{"background-color":"","background-image":"","background-repeat":"repeat","background-position":"center center","background-size":"auto","background-attachment":"scroll","background-type":"","background-media":"","overlay-type":"","overlay-color":"","overlay-opacity":"","overlay-gradient":""}},"ast-content-background-meta":{"desktop":{"background-color":"var(--ast-global-color-5)","background-image":"","background-repeat":"repeat","background-position":"center center","background-size":"auto","background-attachment":"scroll","background-type":"","background-media":"","overlay-type":"","overlay-color":"","overlay-opacity":"","overlay-gradient":""},"tablet":{"background-color":"var(--ast-global-color-5)","background-image":"","background-repeat":"repeat","background-position":"center center","background-size":"auto","background-attachment":"scroll","background-type":"","background-media":"","overlay-type":"","overlay-color":"","overlay-opacity":"","overlay-gradient":""},"mobile":{"background-color":"var(--ast-global-color-5)","background-image":"","background-repeat":"repeat","background-position":"center center","background-size":"auto","background-attachment":"scroll","background-type":"","background-media":"","overlay-type":"","overlay-color":"","overlay-opacity":"","overlay-gradient":""}},"footnotes":""},"categories":[27],"tags":[],"class_list":["post-3829","post","type-post","status-publish","format-standard","has-post-thumbnail","hentry","category-convocatorias"],"acf":[],"_links":{"self":[{"href":"https:\/\/lapaz.bo\/redcooperacion\/wp-json\/wp\/v2\/posts\/3829","targetHints":{"allow":["GET"]}}],"collection":[{"href":"https:\/\/lapaz.bo\/redcooperacion\/wp-json\/wp\/v2\/posts"}],"about":[{"href":"https:\/\/lapaz.bo\/redcooperacion\/wp-json\/wp\/v2\/types\/post"}],"author":[{"embeddable":true,"href":"https:\/\/lapaz.bo\/redcooperacion\/wp-json\/wp\/v2\/users\/16"}],"replies":[{"embeddable":true,"href":"https:\/\/lapaz.bo\/redcooperacion\/wp-json\/wp\/v2\/comments?post=3829"}],"version-history":[{"count":4,"href":"https:\/\/lapaz.bo\/redcooperacion\/wp-json\/wp\/v2\/posts\/3829\/revisions"}],"predecessor-version":[{"id":3837,"href":"https:\/\/lapaz.bo\/redcooperacion\/wp-json\/wp\/v2\/posts\/3829\/revisions\/3837"}],"wp:featuredmedia":[{"embeddable":true,"href":"https:\/\/lapaz.bo\/redcooperacion\/wp-json\/wp\/v2\/media\/3720"}],"wp:attachment":[{"href":"https:\/\/lapaz.bo\/redcooperacion\/wp-json\/wp\/v2\/media?parent=3829"}],"wp:term":[{"taxonomy":"category","embeddable":true,"href":"https:\/\/lapaz.bo\/redcooperacion\/wp-json\/wp\/v2\/categories?post=3829"},{"taxonomy":"post_tag","embeddable":true,"href":"https:\/\/lapaz.bo\/redcooperacion\/wp-json\/wp\/v2\/tags?post=3829"}],"curies":[{"name":"wp","href":"https:\/\/api.w.org\/{rel}","templated":true}]}}