{"id":3821,"date":"2024-12-27T11:12:35","date_gmt":"2024-12-27T15:12:35","guid":{"rendered":"https:\/\/pr2.javixd.com\/?p=3821"},"modified":"2024-12-27T11:20:13","modified_gmt":"2024-12-27T15:20:13","slug":"actividades-impulsadas-por-la-unidad-tematica-de-genero-y-municipio-de-mercociudades","status":"publish","type":"post","link":"https:\/\/lapaz.bo\/redcooperacion\/actividades-impulsadas-por-la-unidad-tematica-de-genero-y-municipio-de-mercociudades\/","title":{"rendered":"Actividades impulsadas por la Unidad Tem\u00e1tica de G\u00e9nero y Municipio de Mercociudades"},"content":{"rendered":"\t\t<div data-elementor-type=\"wp-post\" data-elementor-id=\"3821\" class=\"elementor elementor-3821\" data-elementor-settings=\"{&quot;ha_cmc_init_switcher&quot;:&quot;no&quot;}\">\n\t\t\t\t<div class=\"elementor-element elementor-element-66be63fa e-flex e-con-boxed wpr-particle-no wpr-jarallax-no wpr-parallax-no wpr-sticky-section-no e-con e-parent\" data-id=\"66be63fa\" data-element_type=\"container\" data-settings=\"{&quot;_ha_eqh_enable&quot;:false}\">\n\t\t\t\t\t<div class=\"e-con-inner\">\n\t\t\t\t<div class=\"elementor-element elementor-element-6ac4eb5f elementor-widget elementor-widget-text-editor\" data-id=\"6ac4eb5f\" data-element_type=\"widget\" data-widget_type=\"text-editor.default\">\n\t\t\t\t<div class=\"elementor-widget-container\">\n\t\t\t\t\t\t\t\t\t<!-- Created With Elementor -->\t\t\t\t\t\t\t\t<\/div>\n\t\t\t\t<\/div>\n\t\t\t\t\t<\/div>\n\t\t\t\t<\/div>\n\t\t<div class=\"elementor-element elementor-element-4fafc1c e-flex e-con-boxed wpr-particle-no wpr-jarallax-no wpr-parallax-no wpr-sticky-section-no e-con e-parent\" data-id=\"4fafc1c\" data-element_type=\"container\" data-settings=\"{&quot;_ha_eqh_enable&quot;:false}\">\n\t\t\t\t\t<div class=\"e-con-inner\">\n\t\t\t\t<div class=\"elementor-element elementor-element-0bdc5e1 elementor-widget elementor-widget-image\" data-id=\"0bdc5e1\" data-element_type=\"widget\" data-widget_type=\"image.default\">\n\t\t\t\t<div class=\"elementor-widget-container\">\n\t\t\t\t\t\t\t\t\t\t\t\t\t\t\t<img fetchpriority=\"high\" decoding=\"async\" width=\"1024\" height=\"576\" src=\"https:\/\/lapaz.bo\/redcooperacion\/wp-content\/uploads\/2024\/12\/26nov-1024x576.png\" class=\"attachment-large size-large wp-image-3719\" alt=\"\" srcset=\"https:\/\/lapaz.bo\/redcooperacion\/wp-content\/uploads\/2024\/12\/26nov-1024x576.png 1024w, https:\/\/lapaz.bo\/redcooperacion\/wp-content\/uploads\/2024\/12\/26nov-300x169.png 300w, https:\/\/lapaz.bo\/redcooperacion\/wp-content\/uploads\/2024\/12\/26nov-768x432.png 768w, https:\/\/lapaz.bo\/redcooperacion\/wp-content\/uploads\/2024\/12\/26nov.png 1080w\" sizes=\"(max-width: 1024px) 100vw, 1024px\" \/>\t\t\t\t\t\t\t\t\t\t\t\t\t\t\t<\/div>\n\t\t\t\t<\/div>\n\t\t\t\t\t<\/div>\n\t\t\t\t<\/div>\n\t\t<div class=\"elementor-element elementor-element-61e89c4 e-flex e-con-boxed wpr-particle-no wpr-jarallax-no wpr-parallax-no wpr-sticky-section-no e-con e-parent\" data-id=\"61e89c4\" data-element_type=\"container\" data-settings=\"{&quot;_ha_eqh_enable&quot;:false}\">\n\t\t\t\t\t<div class=\"e-con-inner\">\n\t\t\t\t<div class=\"elementor-element elementor-element-beea2b4 elementor-widget elementor-widget-text-editor\" data-id=\"beea2b4\" data-element_type=\"widget\" data-widget_type=\"text-editor.default\">\n\t\t\t\t<div class=\"elementor-widget-container\">\n\t\t\t\t\t\t\t\t\t<p class=\"MsoNormal\">\u00a1Participe de las actividades impulsadas por la Unidad\nTem\u00e1tica de G\u00e9nero y Municipio de Mercociudades durante la pr\u00f3xima Cumbre en Esteban\nEcheverr\u00eda!<o:p><\/o:p><\/p><p class=\"MsoNormal\">Seminario sobre Econom\u00eda del Cuidado &#8211; Mi\u00e9rcoles 4 de\ndiciembre a las 16:30 horas (GMT-3)<o:p><\/o:p><\/p><p class=\"MsoNormal\">Reuni\u00f3n de la UT &#8211; Jueves 5 de diciembre de 11:00 a 13:00\nhoras (GMT-3)<o:p><\/o:p><\/p><p class=\"MsoNormal\">Taller de G\u00e9nero \u201cCaf\u00e9 de las Diversidades\u201d &#8211; jueves 5 de\ndiciembre de 16:00 a 17:45 horas (GMT-3)<o:p><\/o:p><\/p><p>\n\n\n\n\n\n\n\n<\/p><p class=\"MsoNormal\">Toda la informaci\u00f3n en: <a href=\"https:\/\/lnkd.in\/eRs-gyWf\">https:\/\/lnkd.in\/eRs-gyWf<\/a><o:p><\/o:p><\/p>\t\t\t\t\t\t\t\t<\/div>\n\t\t\t\t<\/div>\n\t\t\t\t\t<\/div>\n\t\t\t\t<\/div>\n\t\t\t\t<\/div>\n\t\t","protected":false},"excerpt":{"rendered":"<p>\u00a1Participe de las actividades impulsadas por la Unidad Tem\u00e1tica de G\u00e9nero y Municipio de Mercociudades durante la pr\u00f3xima Cumbre en Esteban Echeverr\u00eda! Seminario sobre Econom\u00eda del Cuidado &#8211; Mi\u00e9rcoles 4&#8230;<\/p>\n","protected":false},"author":16,"featured_media":3719,"comment_status":"open","ping_status":"open","sticky":false,"template":"","format":"standard","meta":{"_acf_changed":false,"_bbp_topic_count":0,"_bbp_reply_count":0,"_bbp_total_topic_count":0,"_bbp_total_reply_count":0,"_bbp_voice_count":0,"_bbp_anonymous_reply_count":0,"_bbp_topic_count_hidden":0,"_bbp_reply_count_hidden":0,"_bbp_forum_subforum_count":0,"site-sidebar-layout":"default","site-content-layout":"","ast-site-content-layout":"default","site-content-style":"default","site-sidebar-style":"default","ast-global-header-display":"","ast-banner-title-visibility":"","ast-main-header-display":"","ast-hfb-above-header-display":"","ast-hfb-below-header-display":"","ast-hfb-mobile-header-display":"","site-post-title":"","ast-breadcrumbs-content":"","ast-featured-img":"","footer-sml-layout":"","theme-transparent-header-meta":"default","adv-header-id-meta":"","stick-header-meta":"","header-above-stick-meta":"","header-main-stick-meta":"","header-below-stick-meta":"","astra-migrate-meta-layouts":"set","ast-page-background-enabled":"default","ast-page-background-meta":{"desktop":{"background-color":"var(--ast-global-color-4)","background-image":"","background-repeat":"repeat","background-position":"center center","background-size":"auto","background-attachment":"scroll","background-type":"","background-media":"","overlay-type":"","overlay-color":"","overlay-opacity":"","overlay-gradient":""},"tablet":{"background-color":"","background-image":"","background-repeat":"repeat","background-position":"center center","background-size":"auto","background-attachment":"scroll","background-type":"","background-media":"","overlay-type":"","overlay-color":"","overlay-opacity":"","overlay-gradient":""},"mobile":{"background-color":"","background-image":"","background-repeat":"repeat","background-position":"center center","background-size":"auto","background-attachment":"scroll","background-type":"","background-media":"","overlay-type":"","overlay-color":"","overlay-opacity":"","overlay-gradient":""}},"ast-content-background-meta":{"desktop":{"background-color":"var(--ast-global-color-5)","background-image":"","background-repeat":"repeat","background-position":"center center","background-size":"auto","background-attachment":"scroll","background-type":"","background-media":"","overlay-type":"","overlay-color":"","overlay-opacity":"","overlay-gradient":""},"tablet":{"background-color":"var(--ast-global-color-5)","background-image":"","background-repeat":"repeat","background-position":"center center","background-size":"auto","background-attachment":"scroll","background-type":"","background-media":"","overlay-type":"","overlay-color":"","overlay-opacity":"","overlay-gradient":""},"mobile":{"background-color":"var(--ast-global-color-5)","background-image":"","background-repeat":"repeat","background-position":"center center","background-size":"auto","background-attachment":"scroll","background-type":"","background-media":"","overlay-type":"","overlay-color":"","overlay-opacity":"","overlay-gradient":""}},"footnotes":""},"categories":[27],"tags":[],"class_list":["post-3821","post","type-post","status-publish","format-standard","has-post-thumbnail","hentry","category-convocatorias"],"acf":[],"_links":{"self":[{"href":"https:\/\/lapaz.bo\/redcooperacion\/wp-json\/wp\/v2\/posts\/3821","targetHints":{"allow":["GET"]}}],"collection":[{"href":"https:\/\/lapaz.bo\/redcooperacion\/wp-json\/wp\/v2\/posts"}],"about":[{"href":"https:\/\/lapaz.bo\/redcooperacion\/wp-json\/wp\/v2\/types\/post"}],"author":[{"embeddable":true,"href":"https:\/\/lapaz.bo\/redcooperacion\/wp-json\/wp\/v2\/users\/16"}],"replies":[{"embeddable":true,"href":"https:\/\/lapaz.bo\/redcooperacion\/wp-json\/wp\/v2\/comments?post=3821"}],"version-history":[{"count":6,"href":"https:\/\/lapaz.bo\/redcooperacion\/wp-json\/wp\/v2\/posts\/3821\/revisions"}],"predecessor-version":[{"id":3828,"href":"https:\/\/lapaz.bo\/redcooperacion\/wp-json\/wp\/v2\/posts\/3821\/revisions\/3828"}],"wp:featuredmedia":[{"embeddable":true,"href":"https:\/\/lapaz.bo\/redcooperacion\/wp-json\/wp\/v2\/media\/3719"}],"wp:attachment":[{"href":"https:\/\/lapaz.bo\/redcooperacion\/wp-json\/wp\/v2\/media?parent=3821"}],"wp:term":[{"taxonomy":"category","embeddable":true,"href":"https:\/\/lapaz.bo\/redcooperacion\/wp-json\/wp\/v2\/categories?post=3821"},{"taxonomy":"post_tag","embeddable":true,"href":"https:\/\/lapaz.bo\/redcooperacion\/wp-json\/wp\/v2\/tags?post=3821"}],"curies":[{"name":"wp","href":"https:\/\/api.w.org\/{rel}","templated":true}]}}