{"id":3794,"date":"2024-12-27T10:35:44","date_gmt":"2024-12-27T14:35:44","guid":{"rendered":"https:\/\/pr2.javixd.com\/?p=3794"},"modified":"2024-12-27T10:44:43","modified_gmt":"2024-12-27T14:44:43","slug":"la-transicion-energetica-de-america-latina-y-el-caribe-una-vision-de-sus-oportunidades-y-desafios-hasta-2050-contexto-actual-y-caminos-para-el-futuro-de-la-region","status":"publish","type":"post","link":"https:\/\/lapaz.bo\/redcooperacion\/la-transicion-energetica-de-america-latina-y-el-caribe-una-vision-de-sus-oportunidades-y-desafios-hasta-2050-contexto-actual-y-caminos-para-el-futuro-de-la-region\/","title":{"rendered":"La transici\u00f3n energ\u00e9tica de Am\u00e9rica Latina y el Caribe. Una visi\u00f3n de sus oportunidades y desaf\u00edos hasta 2050. Contexto actual y caminos para el futuro de la regi\u00f3n."},"content":{"rendered":"\t\t<div data-elementor-type=\"wp-post\" data-elementor-id=\"3794\" class=\"elementor elementor-3794\" data-elementor-settings=\"{&quot;ha_cmc_init_switcher&quot;:&quot;no&quot;}\">\n\t\t\t\t<div class=\"elementor-element elementor-element-a84a35a e-flex e-con-boxed wpr-particle-no wpr-jarallax-no wpr-parallax-no wpr-sticky-section-no e-con e-parent\" data-id=\"a84a35a\" data-element_type=\"container\" data-settings=\"{&quot;_ha_eqh_enable&quot;:false}\">\n\t\t\t\t\t<div class=\"e-con-inner\">\n\t\t\t\t<div class=\"elementor-element elementor-element-5a2c0c3 elementor-widget elementor-widget-image\" data-id=\"5a2c0c3\" data-element_type=\"widget\" data-widget_type=\"image.default\">\n\t\t\t\t<div class=\"elementor-widget-container\">\n\t\t\t\t\t\t\t\t\t\t\t\t\t\t\t<img fetchpriority=\"high\" decoding=\"async\" width=\"733\" height=\"1024\" src=\"https:\/\/lapaz.bo\/redcooperacion\/wp-content\/uploads\/2024\/12\/26nov_c-733x1024.jpg\" class=\"attachment-large size-large wp-image-3722\" alt=\"\" srcset=\"https:\/\/lapaz.bo\/redcooperacion\/wp-content\/uploads\/2024\/12\/26nov_c-733x1024.jpg 733w, https:\/\/lapaz.bo\/redcooperacion\/wp-content\/uploads\/2024\/12\/26nov_c-215x300.jpg 215w, https:\/\/lapaz.bo\/redcooperacion\/wp-content\/uploads\/2024\/12\/26nov_c-768x1073.jpg 768w, https:\/\/lapaz.bo\/redcooperacion\/wp-content\/uploads\/2024\/12\/26nov_c-1099x1536.jpg 1099w, https:\/\/lapaz.bo\/redcooperacion\/wp-content\/uploads\/2024\/12\/26nov_c-1320x1845.jpg 1320w, https:\/\/lapaz.bo\/redcooperacion\/wp-content\/uploads\/2024\/12\/26nov_c.jpg 1336w\" sizes=\"(max-width: 733px) 100vw, 733px\" \/>\t\t\t\t\t\t\t\t\t\t\t\t\t\t\t<\/div>\n\t\t\t\t<\/div>\n\t\t\t\t\t<\/div>\n\t\t\t\t<\/div>\n\t\t<div class=\"elementor-element elementor-element-3c3ccdc e-flex e-con-boxed wpr-particle-no wpr-jarallax-no wpr-parallax-no wpr-sticky-section-no e-con e-parent\" data-id=\"3c3ccdc\" data-element_type=\"container\" data-settings=\"{&quot;_ha_eqh_enable&quot;:false}\">\n\t\t\t\t\t<div class=\"e-con-inner\">\n\t\t\t\t<div class=\"elementor-element elementor-element-edaee58 elementor-widget elementor-widget-text-editor\" data-id=\"edaee58\" data-element_type=\"widget\" data-widget_type=\"text-editor.default\">\n\t\t\t\t<div class=\"elementor-widget-container\">\n\t\t\t\t\t\t\t\t\t<p>La transici\u00f3n energ\u00e9tica de Am\u00e9rica Latina y el Caribe. Una visi\u00f3n de sus oportunidades y desaf\u00edos hasta 2050. Contexto actual y caminos para el futuro de la regi\u00f3n.<br><span style=\"background-color: initial; color: var( --e-global-color-text ); font-family: var( --e-global-typography-text-font-family ), Sans-serif; font-style: inherit; font-weight: inherit; text-align: var(--text-align);\"><br>Este informe examina la transici\u00f3n energ\u00e9tica en Am\u00e9rica Latina y el Caribe, destacando la reducci\u00f3n de costos de energ\u00eda renovable y los avances regulatorios que favorecen la sostenibilidad en el sector el\u00e9ctrico. El estudio plantea dos escenarios para el periodo 2023-2050: uno de continuidad (BAU) y otro de transici\u00f3n energ\u00e9tica (TE), que integra restricciones de emisiones y pol\u00edticas de electrificaci\u00f3n para alcanzar la neutralidad de carbono. A lo largo de siete cap\u00edtulos, el informe explora el sistema el\u00e9ctrico y regulatorio de la regi\u00f3n, identifica brechas y costos de implementaci\u00f3n, y propone una estrategia detallada de descarbonizaci\u00f3n hacia 2050.<\/span><\/p><p>DESCARGA EL DOCUMENTO: https:\/\/shorturl.at\/4Iv7O<\/p>\t\t\t\t\t\t\t\t<\/div>\n\t\t\t\t<\/div>\n\t\t\t\t\t<\/div>\n\t\t\t\t<\/div>\n\t\t\t\t<\/div>\n\t\t","protected":false},"excerpt":{"rendered":"<p>La transici\u00f3n energ\u00e9tica de Am\u00e9rica Latina y el Caribe. Una visi\u00f3n de sus oportunidades y desaf\u00edos hasta 2050. Contexto actual y caminos para el futuro de la regi\u00f3n. Este informe&#8230;<\/p>\n","protected":false},"author":16,"featured_media":3722,"comment_status":"open","ping_status":"open","sticky":false,"template":"","format":"standard","meta":{"_acf_changed":false,"_bbp_topic_count":0,"_bbp_reply_count":0,"_bbp_total_topic_count":0,"_bbp_total_reply_count":0,"_bbp_voice_count":0,"_bbp_anonymous_reply_count":0,"_bbp_topic_count_hidden":0,"_bbp_reply_count_hidden":0,"_bbp_forum_subforum_count":0,"site-sidebar-layout":"default","site-content-layout":"","ast-site-content-layout":"default","site-content-style":"default","site-sidebar-style":"default","ast-global-header-display":"","ast-banner-title-visibility":"","ast-main-header-display":"","ast-hfb-above-header-display":"","ast-hfb-below-header-display":"","ast-hfb-mobile-header-display":"","site-post-title":"","ast-breadcrumbs-content":"","ast-featured-img":"","footer-sml-layout":"","theme-transparent-header-meta":"default","adv-header-id-meta":"","stick-header-meta":"","header-above-stick-meta":"","header-main-stick-meta":"","header-below-stick-meta":"","astra-migrate-meta-layouts":"set","ast-page-background-enabled":"default","ast-page-background-meta":{"desktop":{"background-color":"var(--ast-global-color-4)","background-image":"","background-repeat":"repeat","background-position":"center center","background-size":"auto","background-attachment":"scroll","background-type":"","background-media":"","overlay-type":"","overlay-color":"","overlay-opacity":"","overlay-gradient":""},"tablet":{"background-color":"","background-image":"","background-repeat":"repeat","background-position":"center center","background-size":"auto","background-attachment":"scroll","background-type":"","background-media":"","overlay-type":"","overlay-color":"","overlay-opacity":"","overlay-gradient":""},"mobile":{"background-color":"","background-image":"","background-repeat":"repeat","background-position":"center center","background-size":"auto","background-attachment":"scroll","background-type":"","background-media":"","overlay-type":"","overlay-color":"","overlay-opacity":"","overlay-gradient":""}},"ast-content-background-meta":{"desktop":{"background-color":"var(--ast-global-color-5)","background-image":"","background-repeat":"repeat","background-position":"center center","background-size":"auto","background-attachment":"scroll","background-type":"","background-media":"","overlay-type":"","overlay-color":"","overlay-opacity":"","overlay-gradient":""},"tablet":{"background-color":"var(--ast-global-color-5)","background-image":"","background-repeat":"repeat","background-position":"center center","background-size":"auto","background-attachment":"scroll","background-type":"","background-media":"","overlay-type":"","overlay-color":"","overlay-opacity":"","overlay-gradient":""},"mobile":{"background-color":"var(--ast-global-color-5)","background-image":"","background-repeat":"repeat","background-position":"center center","background-size":"auto","background-attachment":"scroll","background-type":"","background-media":"","overlay-type":"","overlay-color":"","overlay-opacity":"","overlay-gradient":""}},"footnotes":""},"categories":[27],"tags":[],"class_list":["post-3794","post","type-post","status-publish","format-standard","has-post-thumbnail","hentry","category-convocatorias"],"acf":[],"_links":{"self":[{"href":"https:\/\/lapaz.bo\/redcooperacion\/wp-json\/wp\/v2\/posts\/3794","targetHints":{"allow":["GET"]}}],"collection":[{"href":"https:\/\/lapaz.bo\/redcooperacion\/wp-json\/wp\/v2\/posts"}],"about":[{"href":"https:\/\/lapaz.bo\/redcooperacion\/wp-json\/wp\/v2\/types\/post"}],"author":[{"embeddable":true,"href":"https:\/\/lapaz.bo\/redcooperacion\/wp-json\/wp\/v2\/users\/16"}],"replies":[{"embeddable":true,"href":"https:\/\/lapaz.bo\/redcooperacion\/wp-json\/wp\/v2\/comments?post=3794"}],"version-history":[{"count":4,"href":"https:\/\/lapaz.bo\/redcooperacion\/wp-json\/wp\/v2\/posts\/3794\/revisions"}],"predecessor-version":[{"id":3807,"href":"https:\/\/lapaz.bo\/redcooperacion\/wp-json\/wp\/v2\/posts\/3794\/revisions\/3807"}],"wp:featuredmedia":[{"embeddable":true,"href":"https:\/\/lapaz.bo\/redcooperacion\/wp-json\/wp\/v2\/media\/3722"}],"wp:attachment":[{"href":"https:\/\/lapaz.bo\/redcooperacion\/wp-json\/wp\/v2\/media?parent=3794"}],"wp:term":[{"taxonomy":"category","embeddable":true,"href":"https:\/\/lapaz.bo\/redcooperacion\/wp-json\/wp\/v2\/categories?post=3794"},{"taxonomy":"post_tag","embeddable":true,"href":"https:\/\/lapaz.bo\/redcooperacion\/wp-json\/wp\/v2\/tags?post=3794"}],"curies":[{"name":"wp","href":"https:\/\/api.w.org\/{rel}","templated":true}]}}