{"id":3765,"date":"2024-12-27T10:22:33","date_gmt":"2024-12-27T14:22:33","guid":{"rendered":"https:\/\/pr2.javixd.com\/?p=3765"},"modified":"2024-12-27T10:24:40","modified_gmt":"2024-12-27T14:24:40","slug":"seminario-capitales-de-la-cultura-y-objetivo-cultura","status":"publish","type":"post","link":"https:\/\/lapaz.bo\/redcooperacion\/seminario-capitales-de-la-cultura-y-objetivo-cultura\/","title":{"rendered":"Seminario: Capitales de la Cultura y Objetivo Cultura"},"content":{"rendered":"\t\t<div data-elementor-type=\"wp-post\" data-elementor-id=\"3765\" class=\"elementor elementor-3765\" data-elementor-settings=\"{&quot;ha_cmc_init_switcher&quot;:&quot;no&quot;}\">\n\t\t\t\t<div class=\"elementor-element elementor-element-fa3fd49 e-flex e-con-boxed wpr-particle-no wpr-jarallax-no wpr-parallax-no wpr-sticky-section-no e-con e-parent\" data-id=\"fa3fd49\" data-element_type=\"container\" data-settings=\"{&quot;_ha_eqh_enable&quot;:false}\">\n\t\t\t\t\t<div class=\"e-con-inner\">\n\t\t\t\t<div class=\"elementor-element elementor-element-a1230ea elementor-widget elementor-widget-image\" data-id=\"a1230ea\" data-element_type=\"widget\" data-widget_type=\"image.default\">\n\t\t\t\t<div class=\"elementor-widget-container\">\n\t\t\t\t\t\t\t\t\t\t\t\t\t\t\t<img fetchpriority=\"high\" decoding=\"async\" width=\"1024\" height=\"637\" src=\"https:\/\/lapaz.bo\/redcooperacion\/wp-content\/uploads\/2024\/12\/19nov-1024x637.jpeg\" class=\"attachment-large size-large wp-image-3713\" alt=\"\" srcset=\"https:\/\/lapaz.bo\/redcooperacion\/wp-content\/uploads\/2024\/12\/19nov-1024x637.jpeg 1024w, https:\/\/lapaz.bo\/redcooperacion\/wp-content\/uploads\/2024\/12\/19nov-300x187.jpeg 300w, https:\/\/lapaz.bo\/redcooperacion\/wp-content\/uploads\/2024\/12\/19nov-768x478.jpeg 768w, https:\/\/lapaz.bo\/redcooperacion\/wp-content\/uploads\/2024\/12\/19nov-1536x955.jpeg 1536w, https:\/\/lapaz.bo\/redcooperacion\/wp-content\/uploads\/2024\/12\/19nov-1320x821.jpeg 1320w, https:\/\/lapaz.bo\/redcooperacion\/wp-content\/uploads\/2024\/12\/19nov.jpeg 1600w\" sizes=\"(max-width: 1024px) 100vw, 1024px\" \/>\t\t\t\t\t\t\t\t\t\t\t\t\t\t\t<\/div>\n\t\t\t\t<\/div>\n\t\t\t\t\t<\/div>\n\t\t\t\t<\/div>\n\t\t<div class=\"elementor-element elementor-element-a27a8f9 e-flex e-con-boxed wpr-particle-no wpr-jarallax-no wpr-parallax-no wpr-sticky-section-no e-con e-parent\" data-id=\"a27a8f9\" data-element_type=\"container\" data-settings=\"{&quot;_ha_eqh_enable&quot;:false}\">\n\t\t\t\t\t<div class=\"e-con-inner\">\n\t\t\t\t<div class=\"elementor-element elementor-element-a7d0dfb elementor-widget elementor-widget-text-editor\" data-id=\"a7d0dfb\" data-element_type=\"widget\" data-widget_type=\"text-editor.default\">\n\t\t\t\t<div class=\"elementor-widget-container\">\n\t\t\t\t\t\t\t\t\t<p class=\"MsoNormal\">Seminario: Capitales de la Cultura y Objetivo Cultura<o:p><\/o:p><\/p><p class=\"MsoNormal\">El 11 de diciembre de 2024, de 14.00 a 16.30 CET, la\nComisi\u00f3n de Cultura de CGLU, en cooperaci\u00f3n con CGLU-\u00c1frica y socios (TBC) con\nel apoyo de la Uni\u00f3n Europea, organizar\u00e1 un seminario web sobre \u00abLas Capitales\nCulturales y el Objetivo Cultura. Trabajando para impulsar las conexiones entre\nlas iniciativas regionales y los desaf\u00edos globales\u00bb.<o:p><\/o:p><\/p><p class=\"MsoNormal\">Para preparar el webinar, le pedimos <o:p><\/o:p><\/p><p class=\"MsoNormal\">&#8211; Una breve explicaci\u00f3n sobre su relaci\u00f3n con el Objetivo\nCultura <o:p><\/o:p><\/p><p class=\"MsoNormal\">&#8211; \u00bfQu\u00e9 cuesti\u00f3n le gustar\u00eda que se abordara en el seminario\nweb?<o:p><\/o:p><\/p><p>\n\n\n\n\n\n\n\n\n\n<\/p><p class=\"MsoNormal\">Ya puede inscribirse aqu\u00ed: <a href=\"https:\/\/forms.gle\/8wHG3o3h6EYAgSfi8\">https:\/\/forms.gle\/8wHG3o3h6EYAgSfi8<\/a><o:p><\/o:p><\/p>\t\t\t\t\t\t\t\t<\/div>\n\t\t\t\t<\/div>\n\t\t\t\t\t<\/div>\n\t\t\t\t<\/div>\n\t\t\t\t<\/div>\n\t\t","protected":false},"excerpt":{"rendered":"<p>Seminario: Capitales de la Cultura y Objetivo Cultura El 11 de diciembre de 2024, de 14.00 a 16.30 CET, la Comisi\u00f3n de Cultura de CGLU, en cooperaci\u00f3n con CGLU-\u00c1frica y&#8230;<\/p>\n","protected":false},"author":16,"featured_media":3713,"comment_status":"open","ping_status":"open","sticky":false,"template":"","format":"standard","meta":{"_acf_changed":false,"_bbp_topic_count":0,"_bbp_reply_count":0,"_bbp_total_topic_count":0,"_bbp_total_reply_count":0,"_bbp_voice_count":0,"_bbp_anonymous_reply_count":0,"_bbp_topic_count_hidden":0,"_bbp_reply_count_hidden":0,"_bbp_forum_subforum_count":0,"site-sidebar-layout":"default","site-content-layout":"","ast-site-content-layout":"default","site-content-style":"default","site-sidebar-style":"default","ast-global-header-display":"","ast-banner-title-visibility":"","ast-main-header-display":"","ast-hfb-above-header-display":"","ast-hfb-below-header-display":"","ast-hfb-mobile-header-display":"","site-post-title":"","ast-breadcrumbs-content":"","ast-featured-img":"","footer-sml-layout":"","theme-transparent-header-meta":"default","adv-header-id-meta":"","stick-header-meta":"","header-above-stick-meta":"","header-main-stick-meta":"","header-below-stick-meta":"","astra-migrate-meta-layouts":"set","ast-page-background-enabled":"default","ast-page-background-meta":{"desktop":{"background-color":"var(--ast-global-color-4)","background-image":"","background-repeat":"repeat","background-position":"center center","background-size":"auto","background-attachment":"scroll","background-type":"","background-media":"","overlay-type":"","overlay-color":"","overlay-opacity":"","overlay-gradient":""},"tablet":{"background-color":"","background-image":"","background-repeat":"repeat","background-position":"center center","background-size":"auto","background-attachment":"scroll","background-type":"","background-media":"","overlay-type":"","overlay-color":"","overlay-opacity":"","overlay-gradient":""},"mobile":{"background-color":"","background-image":"","background-repeat":"repeat","background-position":"center center","background-size":"auto","background-attachment":"scroll","background-type":"","background-media":"","overlay-type":"","overlay-color":"","overlay-opacity":"","overlay-gradient":""}},"ast-content-background-meta":{"desktop":{"background-color":"var(--ast-global-color-5)","background-image":"","background-repeat":"repeat","background-position":"center center","background-size":"auto","background-attachment":"scroll","background-type":"","background-media":"","overlay-type":"","overlay-color":"","overlay-opacity":"","overlay-gradient":""},"tablet":{"background-color":"var(--ast-global-color-5)","background-image":"","background-repeat":"repeat","background-position":"center center","background-size":"auto","background-attachment":"scroll","background-type":"","background-media":"","overlay-type":"","overlay-color":"","overlay-opacity":"","overlay-gradient":""},"mobile":{"background-color":"var(--ast-global-color-5)","background-image":"","background-repeat":"repeat","background-position":"center center","background-size":"auto","background-attachment":"scroll","background-type":"","background-media":"","overlay-type":"","overlay-color":"","overlay-opacity":"","overlay-gradient":""}},"footnotes":""},"categories":[27],"tags":[],"class_list":["post-3765","post","type-post","status-publish","format-standard","has-post-thumbnail","hentry","category-convocatorias"],"acf":[],"_links":{"self":[{"href":"https:\/\/lapaz.bo\/redcooperacion\/wp-json\/wp\/v2\/posts\/3765","targetHints":{"allow":["GET"]}}],"collection":[{"href":"https:\/\/lapaz.bo\/redcooperacion\/wp-json\/wp\/v2\/posts"}],"about":[{"href":"https:\/\/lapaz.bo\/redcooperacion\/wp-json\/wp\/v2\/types\/post"}],"author":[{"embeddable":true,"href":"https:\/\/lapaz.bo\/redcooperacion\/wp-json\/wp\/v2\/users\/16"}],"replies":[{"embeddable":true,"href":"https:\/\/lapaz.bo\/redcooperacion\/wp-json\/wp\/v2\/comments?post=3765"}],"version-history":[{"count":4,"href":"https:\/\/lapaz.bo\/redcooperacion\/wp-json\/wp\/v2\/posts\/3765\/revisions"}],"predecessor-version":[{"id":3769,"href":"https:\/\/lapaz.bo\/redcooperacion\/wp-json\/wp\/v2\/posts\/3765\/revisions\/3769"}],"wp:featuredmedia":[{"embeddable":true,"href":"https:\/\/lapaz.bo\/redcooperacion\/wp-json\/wp\/v2\/media\/3713"}],"wp:attachment":[{"href":"https:\/\/lapaz.bo\/redcooperacion\/wp-json\/wp\/v2\/media?parent=3765"}],"wp:term":[{"taxonomy":"category","embeddable":true,"href":"https:\/\/lapaz.bo\/redcooperacion\/wp-json\/wp\/v2\/categories?post=3765"},{"taxonomy":"post_tag","embeddable":true,"href":"https:\/\/lapaz.bo\/redcooperacion\/wp-json\/wp\/v2\/tags?post=3765"}],"curies":[{"name":"wp","href":"https:\/\/api.w.org\/{rel}","templated":true}]}}