{"id":30985,"date":"2026-04-28T12:57:47","date_gmt":"2026-04-28T16:57:47","guid":{"rendered":"https:\/\/lapaz.bo\/agendajiwaki\/la-paz-celebra-el-dia-de-la-danza-con-el-festival-ritmos-que-unen\/"},"modified":"2026-04-28T12:57:47","modified_gmt":"2026-04-28T16:57:47","slug":"la-paz-celebra-el-dia-de-la-danza-con-el-festival-ritmos-que-unen","status":"publish","type":"post","link":"https:\/\/lapaz.bo\/agendajiwaki\/la-paz-celebra-el-dia-de-la-danza-con-el-festival-ritmos-que-unen\/","title":{"rendered":"La Paz celebra el D\u00eda de la Danza con el Festival \u201cRitmos que Unen\u201d"},"content":{"rendered":"<p><!-- VideographyWP Plugin Message: Automatic video embedding prevented by plugin options. --><\/p>\n<p>Este jueves 30 de abril, el Teatro Modesto Sanjin\u00e9s ser\u00e1 escenario de un espect\u00e1culo de danza, un evento gratuito organizado por el GAMLP para celebrar el D\u00eda de la Danza.<\/p>\n<p>AMUN\/28\/04-2026<\/p>\n<p>La Subalcald\u00eda Centro del Gobierno Aut\u00f3nomo Municipal de La Paz (GAMLP) invita a toda la poblaci\u00f3n a participar en el vibrante Festival de Danza \u201cRitmos que Unen\u201d, que se realizar\u00e1 este jueves 30 de abril a partir de las 17:00 en el emblem\u00e1tico Teatro Modesto Sanjin\u00e9s de la Casa de la Cultura. El evento, que conmemora el D\u00eda Internacional de la Danza, ofrecer\u00e1 ingreso gratuito y una experiencia cultural inolvidable para todas las edades.<\/p>\n<p>El festival promete un despliegue de diversas expresiones art\u00edsticas que conectar\u00e1n corazones y culturas, desde las tradicionales cueca y caporales bolivianos hasta danzas internacionales como la danza japonesa y el en\u00e9rgico cha cha ch\u00e1.<\/p>\n<p>Las presentaciones estar\u00e1n a cargo de talentosos bailarines de todas las edades, incluyendo ni\u00f1os, j\u00f3venes y adultos, de destacadas instituciones como el Estudio art\u00edstico de danzas \u201cTatiana Vera\u201d, la Academia de danza \u201cDinast\u00eda Enya\u201d y la Academia Ballrom dancing stars.<\/p>\n<p>Este evento busca resaltar la importancia de preservar y difundir las danzas bolivianas, consider\u00e1ndolas una parte fundamental de la identidad cultural del pa\u00eds. Adem\u00e1s de las cautivadoras presentaciones, los asistentes podr\u00e1n disfrutar de sorteos y sorpresas que enriquecer\u00e1n la celebraci\u00f3n.<\/p>\n<p>\/\/\/\/\/<\/p>\n<p>La entrada <a href=\"https:\/\/amun.lapaz.bo\/la-paz-celebra-el-dia-de-la-danza-con-el-festival-ritmos-que-unen\/\">La Paz celebra el D\u00eda de la Danza con el Festival \u201cRitmos que Unen\u201d<\/a> se public\u00f3 primero en <a href=\"https:\/\/amun.lapaz.bo\/\">Agencia Municipal de Noticias<\/a>.<\/p>","protected":false},"excerpt":{"rendered":"<p>Este jueves 30 de abril, el Teatro Modesto Sanjin&eacute;s ser&aacute; escenario de un espect&aacute;culo de danza, un evento gratuito organizado por el GAMLP para celebrar el D&iacute;a de la Danza. AMUN\/28\/04-2026 La Subalcald&iacute;a Centro del Gobierno Aut&oacute;nomo Municipal de La Paz (GAMLP) invita a toda la poblaci&oacute;n a participar en el vibrante Festival de Danza [&hellip;]<\/p>\n","protected":false},"author":1,"featured_media":0,"comment_status":"open","ping_status":"open","sticky":false,"template":"","format":"standard","meta":{"_eb_attr":"","site-sidebar-layout":"default","site-content-layout":"","ast-site-content-layout":"","site-content-style":"default","site-sidebar-style":"default","ast-global-header-display":"","ast-banner-title-visibility":"","ast-main-header-display":"","ast-hfb-above-header-display":"","ast-hfb-below-header-display":"","ast-hfb-mobile-header-display":"","site-post-title":"","ast-breadcrumbs-content":"","ast-featured-img":"","footer-sml-layout":"","theme-transparent-header-meta":"","adv-header-id-meta":"","stick-header-meta":"","header-above-stick-meta":"","header-main-stick-meta":"","header-below-stick-meta":"","astra-migrate-meta-layouts":"default","ast-page-background-enabled":"default","ast-page-background-meta":{"desktop":{"background-color":"var(--ast-global-color-4)","background-image":"","background-repeat":"repeat","background-position":"center center","background-size":"auto","background-attachment":"scroll","background-type":"","background-media":"","overlay-type":"","overlay-color":"","overlay-opacity":"","overlay-gradient":""},"tablet":{"background-color":"","background-image":"","background-repeat":"repeat","background-position":"center center","background-size":"auto","background-attachment":"scroll","background-type":"","background-media":"","overlay-type":"","overlay-color":"","overlay-opacity":"","overlay-gradient":""},"mobile":{"background-color":"","background-image":"","background-repeat":"repeat","background-position":"center center","background-size":"auto","background-attachment":"scroll","background-type":"","background-media":"","overlay-type":"","overlay-color":"","overlay-opacity":"","overlay-gradient":""}},"ast-content-background-meta":{"desktop":{"background-color":"var(--ast-global-color-5)","background-image":"","background-repeat":"repeat","background-position":"center center","background-size":"auto","background-attachment":"scroll","background-type":"","background-media":"","overlay-type":"","overlay-color":"","overlay-opacity":"","overlay-gradient":""},"tablet":{"background-color":"var(--ast-global-color-5)","background-image":"","background-repeat":"repeat","background-position":"center center","background-size":"auto","background-attachment":"scroll","background-type":"","background-media":"","overlay-type":"","overlay-color":"","overlay-opacity":"","overlay-gradient":""},"mobile":{"background-color":"var(--ast-global-color-5)","background-image":"","background-repeat":"repeat","background-position":"center center","background-size":"auto","background-attachment":"scroll","background-type":"","background-media":"","overlay-type":"","overlay-color":"","overlay-opacity":"","overlay-gradient":""}},"footnotes":""},"categories":[178],"tags":[],"class_list":["post-30985","post","type-post","status-publish","format-standard","has-post-thumbnail","hentry","category-amun"],"_links":{"self":[{"href":"https:\/\/lapaz.bo\/agendajiwaki\/wp-json\/wp\/v2\/posts\/30985","targetHints":{"allow":["GET"]}}],"collection":[{"href":"https:\/\/lapaz.bo\/agendajiwaki\/wp-json\/wp\/v2\/posts"}],"about":[{"href":"https:\/\/lapaz.bo\/agendajiwaki\/wp-json\/wp\/v2\/types\/post"}],"author":[{"embeddable":true,"href":"https:\/\/lapaz.bo\/agendajiwaki\/wp-json\/wp\/v2\/users\/1"}],"replies":[{"embeddable":true,"href":"https:\/\/lapaz.bo\/agendajiwaki\/wp-json\/wp\/v2\/comments?post=30985"}],"version-history":[{"count":0,"href":"https:\/\/lapaz.bo\/agendajiwaki\/wp-json\/wp\/v2\/posts\/30985\/revisions"}],"wp:attachment":[{"href":"https:\/\/lapaz.bo\/agendajiwaki\/wp-json\/wp\/v2\/media?parent=30985"}],"wp:term":[{"taxonomy":"category","embeddable":true,"href":"https:\/\/lapaz.bo\/agendajiwaki\/wp-json\/wp\/v2\/categories?post=30985"},{"taxonomy":"post_tag","embeddable":true,"href":"https:\/\/lapaz.bo\/agendajiwaki\/wp-json\/wp\/v2\/tags?post=30985"}],"curies":[{"name":"wp","href":"https:\/\/api.w.org\/{rel}","templated":true}]}}