{"id":30975,"date":"2026-04-28T10:08:22","date_gmt":"2026-04-28T14:08:22","guid":{"rendered":"https:\/\/lapaz.bo\/agendajiwaki\/asado-fest-internacional-2026%e2%80%b3-asi-se-vivio-la-fiesta-del-sabor\/"},"modified":"2026-04-28T10:08:22","modified_gmt":"2026-04-28T14:08:22","slug":"asado-fest-internacional-2026%e2%80%b3-asi-se-vivio-la-fiesta-del-sabor","status":"publish","type":"post","link":"https:\/\/lapaz.bo\/agendajiwaki\/asado-fest-internacional-2026%e2%80%b3-asi-se-vivio-la-fiesta-del-sabor\/","title":{"rendered":"Asado Fest Internacional 2026\u2033: \u00a1As\u00ed se vivi\u00f3 la fiesta del sabor!"},"content":{"rendered":"<p><!-- VideographyWP Plugin Message: Automatic video embedding prevented by plugin options. --><\/p>\n<p>La Paz se transform\u00f3 en el epicentro de la gastronom\u00eda, parrillas encendidas y aromas irresistibles marcaron la fiesta del sabor.<\/p>\n<p>AMUN\/27-04-2026<\/p>\n<p>La ciudad de La Paz fue epicentro de sabor y celebraci\u00f3n el pasado fin de semana con la exitosa realizaci\u00f3n de la tercera versi\u00f3n del Asado Fest Internacional. El evento, que tuvo lugar en la emblem\u00e1tica Plaza Villarreal, convoc\u00f3 a una multitud estimada en cerca de 10.000 personas durante sus dos d\u00edas, consolid\u00e1ndose como una cita imperdible en el calendario pace\u00f1o.<\/p>\n<p>El secretario municipal de Culturas y Turismo, Am\u00e9rico Gemio, destac\u00f3 la masiva concurrencia y el impacto positivo del festival. \u00abHa sido un movimiento econ\u00f3mico realmente importante\u00bb, afirm\u00f3. La iniciativa, apoyada por el Gobierno Aut\u00f3nomo Municipal de La Paz, reuni\u00f3 a lo m\u00e1s selecto del gremio de asadores de Bolivia, quienes deleitaron a los asistentes con su maestr\u00eda culinaria.<\/p>\n<figure class=\"wp-block-gallery has-nested-images columns-default is-cropped wp-block-gallery-1 is-layout-flex wp-block-gallery-is-layout-flex\">\n<figure class=\"wp-block-image size-large\"><img fetchpriority=\"high\" decoding=\"async\" width=\"1024\" height=\"768\" data-id=\"197942\" src=\"https:\/\/amun.lapaz.bo\/wp-content\/uploads\/2026\/04\/681107598_989789333414562_1359885320837849734_n-1024x768.jpg\" alt=\"\" class=\"wp-image-197942\" \/><\/figure>\n<figure class=\"wp-block-image size-large\"><img decoding=\"async\" width=\"1024\" height=\"1009\" data-id=\"197946\" src=\"https:\/\/amun.lapaz.bo\/wp-content\/uploads\/2026\/04\/679584763_989789526747876_5327920492983650692_n-1024x1009.jpg\" alt=\"\" class=\"wp-image-197946\" \/><\/figure>\n<figure class=\"wp-block-image size-large\"><img decoding=\"async\" width=\"1024\" height=\"768\" data-id=\"197945\" src=\"https:\/\/amun.lapaz.bo\/wp-content\/uploads\/2026\/04\/678928584_989789660081196_3602400300452304424_n-1024x768.jpg\" alt=\"\" class=\"wp-image-197945\" \/><\/figure>\n<\/figure>\n<p>Un punto culminante de esta edici\u00f3n fue la participaci\u00f3n de los campeones internacionales del asado, galardonados en M\u00e9xico, quienes compartieron su experiencia y talento. Los 40 stands disponibles ofrecieron una variada gama de carnes a la parrilla, desde pollo y res hasta pescado y cordero, satisfaciendo los paladares m\u00e1s exigentes. \u00abLa gente realmente ha salido muy satisfecha de este evento\u00bb, coment\u00f3 Gemio.<\/p>\n<p>M\u00e1s all\u00e1 de la gastronom\u00eda, el festival fue una aut\u00e9ntica fiesta cultural. Diversos grupos folkl\u00f3ricos, de cumbia y aut\u00f3ctonos animaron el ambiente, brindando un espacio de esparcimiento y disfrute para todas las familias.<\/p>\n<figure class=\"wp-block-gallery has-nested-images columns-default is-cropped wp-block-gallery-2 is-layout-flex wp-block-gallery-is-layout-flex\">\n<figure class=\"wp-block-image size-large\"><img loading=\"lazy\" decoding=\"async\" loading=\"lazy\" width=\"1024\" height=\"768\" data-id=\"197951\" src=\"https:\/\/amun.lapaz.bo\/wp-content\/uploads\/2026\/04\/678780769_989789260081236_484959837533051203_n-1-1024x768.jpg\" alt=\"\" class=\"wp-image-197951\" \/><\/figure>\n<figure class=\"wp-block-image size-large\"><img loading=\"lazy\" decoding=\"async\" loading=\"lazy\" width=\"1024\" height=\"768\" data-id=\"197957\" src=\"https:\/\/amun.lapaz.bo\/wp-content\/uploads\/2026\/04\/679795441_989788976747931_1922587917572600905_n-1-1024x768.jpg\" alt=\"\" class=\"wp-image-197957\" \/><\/figure>\n<figure class=\"wp-block-image size-large\"><img loading=\"lazy\" decoding=\"async\" loading=\"lazy\" width=\"1024\" height=\"768\" data-id=\"197960\" src=\"https:\/\/amun.lapaz.bo\/wp-content\/uploads\/2026\/04\/679513339_989788680081294_7088670445617728571_n-1-1024x768.jpg\" alt=\"\" class=\"wp-image-197960\" \/><\/figure>\n<\/figure>\n<p>El Festival Internacional del Asado se perfila como un evento de creciente magnitud, con la expectativa de superar en cada edici\u00f3n la participaci\u00f3n de expositores nacionales e internacionales. La visi\u00f3n es clara: consolidar este encuentro como una tradici\u00f3n que realce la cultura gastron\u00f3mica y el esp\u00edritu festivo de La Paz.<\/p>\n<p>\/\/\/\/<\/p>\n<p>La entrada <a href=\"https:\/\/amun.lapaz.bo\/asado-fest-internacional-2026-asi-se-vivio-la-fiesta-del-sabor\/\">Asado Fest Internacional 2026\u2033: \u00a1As\u00ed se vivi\u00f3 la fiesta del sabor!<\/a> se public\u00f3 primero en <a href=\"https:\/\/amun.lapaz.bo\/\">Agencia Municipal de Noticias<\/a>.<\/p>","protected":false},"excerpt":{"rendered":"<p>La Paz se transform&oacute; en el epicentro de la gastronom&iacute;a, parrillas encendidas y aromas irresistibles marcaron la fiesta del sabor. AMUN\/27-04-2026 La ciudad de La Paz fue epicentro de sabor y celebraci&oacute;n el pasado fin de semana con la exitosa realizaci&oacute;n de la tercera versi&oacute;n del Asado Fest Internacional. El evento, que tuvo lugar en [&hellip;]<\/p>\n","protected":false},"author":1,"featured_media":0,"comment_status":"open","ping_status":"open","sticky":false,"template":"","format":"standard","meta":{"_eb_attr":"","site-sidebar-layout":"default","site-content-layout":"","ast-site-content-layout":"","site-content-style":"default","site-sidebar-style":"default","ast-global-header-display":"","ast-banner-title-visibility":"","ast-main-header-display":"","ast-hfb-above-header-display":"","ast-hfb-below-header-display":"","ast-hfb-mobile-header-display":"","site-post-title":"","ast-breadcrumbs-content":"","ast-featured-img":"","footer-sml-layout":"","theme-transparent-header-meta":"","adv-header-id-meta":"","stick-header-meta":"","header-above-stick-meta":"","header-main-stick-meta":"","header-below-stick-meta":"","astra-migrate-meta-layouts":"default","ast-page-background-enabled":"default","ast-page-background-meta":{"desktop":{"background-color":"var(--ast-global-color-4)","background-image":"","background-repeat":"repeat","background-position":"center center","background-size":"auto","background-attachment":"scroll","background-type":"","background-media":"","overlay-type":"","overlay-color":"","overlay-opacity":"","overlay-gradient":""},"tablet":{"background-color":"","background-image":"","background-repeat":"repeat","background-position":"center center","background-size":"auto","background-attachment":"scroll","background-type":"","background-media":"","overlay-type":"","overlay-color":"","overlay-opacity":"","overlay-gradient":""},"mobile":{"background-color":"","background-image":"","background-repeat":"repeat","background-position":"center center","background-size":"auto","background-attachment":"scroll","background-type":"","background-media":"","overlay-type":"","overlay-color":"","overlay-opacity":"","overlay-gradient":""}},"ast-content-background-meta":{"desktop":{"background-color":"var(--ast-global-color-5)","background-image":"","background-repeat":"repeat","background-position":"center center","background-size":"auto","background-attachment":"scroll","background-type":"","background-media":"","overlay-type":"","overlay-color":"","overlay-opacity":"","overlay-gradient":""},"tablet":{"background-color":"var(--ast-global-color-5)","background-image":"","background-repeat":"repeat","background-position":"center center","background-size":"auto","background-attachment":"scroll","background-type":"","background-media":"","overlay-type":"","overlay-color":"","overlay-opacity":"","overlay-gradient":""},"mobile":{"background-color":"var(--ast-global-color-5)","background-image":"","background-repeat":"repeat","background-position":"center center","background-size":"auto","background-attachment":"scroll","background-type":"","background-media":"","overlay-type":"","overlay-color":"","overlay-opacity":"","overlay-gradient":""}},"footnotes":""},"categories":[178],"tags":[],"class_list":["post-30975","post","type-post","status-publish","format-standard","has-post-thumbnail","hentry","category-amun"],"_links":{"self":[{"href":"https:\/\/lapaz.bo\/agendajiwaki\/wp-json\/wp\/v2\/posts\/30975","targetHints":{"allow":["GET"]}}],"collection":[{"href":"https:\/\/lapaz.bo\/agendajiwaki\/wp-json\/wp\/v2\/posts"}],"about":[{"href":"https:\/\/lapaz.bo\/agendajiwaki\/wp-json\/wp\/v2\/types\/post"}],"author":[{"embeddable":true,"href":"https:\/\/lapaz.bo\/agendajiwaki\/wp-json\/wp\/v2\/users\/1"}],"replies":[{"embeddable":true,"href":"https:\/\/lapaz.bo\/agendajiwaki\/wp-json\/wp\/v2\/comments?post=30975"}],"version-history":[{"count":0,"href":"https:\/\/lapaz.bo\/agendajiwaki\/wp-json\/wp\/v2\/posts\/30975\/revisions"}],"wp:attachment":[{"href":"https:\/\/lapaz.bo\/agendajiwaki\/wp-json\/wp\/v2\/media?parent=30975"}],"wp:term":[{"taxonomy":"category","embeddable":true,"href":"https:\/\/lapaz.bo\/agendajiwaki\/wp-json\/wp\/v2\/categories?post=30975"},{"taxonomy":"post_tag","embeddable":true,"href":"https:\/\/lapaz.bo\/agendajiwaki\/wp-json\/wp\/v2\/tags?post=30975"}],"curies":[{"name":"wp","href":"https:\/\/api.w.org\/{rel}","templated":true}]}}