{"id":30948,"date":"2026-04-27T10:07:56","date_gmt":"2026-04-27T14:07:56","guid":{"rendered":"https:\/\/lapaz.bo\/agendajiwaki\/la-av-apumalla-se-abre-al-folklore-con-la-pre-entrada-del-senor-de-colquepata\/"},"modified":"2026-04-27T10:07:56","modified_gmt":"2026-04-27T14:07:56","slug":"la-av-apumalla-se-abre-al-folklore-con-la-pre-entrada-del-senor-de-colquepata","status":"publish","type":"post","link":"https:\/\/lapaz.bo\/agendajiwaki\/la-av-apumalla-se-abre-al-folklore-con-la-pre-entrada-del-senor-de-colquepata\/","title":{"rendered":"La Av. Apumalla se abre al folklore con la pre \u2013 entrada del Se\u00f1or de Colquepata"},"content":{"rendered":"<p><!-- VideographyWP Plugin Message: Automatic video embedding prevented by plugin options. --><\/p>\n<p><em>El alcalde Iv\u00e1n Arias particip\u00f3 de la actividad realizada en una de las Superobras que marcan su gesti\u00f3n y que pasa a constituirse en el folkl\u00f3dromo de la ciudad.<\/em><\/p>\n<p>AMUN\/26-04-2026<\/p>\n<p>Cuando restan cinco d\u00edas para la celebraci\u00f3n de la Entrada del Se\u00f1or de la Santa Cruz de Colquepata, actividad que se realizar\u00e1 el viernes 1 de mayo en Copacabana, este domingo se desarroll\u00f3 la pre \u2013 entrada en la nueva Av. Apumalla, un espacio que pasa a convertirse en el folkl\u00f3dromo de La Paz.<\/p>\n<p>El alcalde Iv\u00e1n Arias, acompa\u00f1ado por su esposa Mercedes Butr\u00f3n, particip\u00f3 de esta actividad folkl\u00f3rica y destac\u00f3 c\u00f3mo esta nueva avenida puede no solo puede ser una v\u00eda de desahogo para llegar a la ciudad de El Alto, sino que puede ser utilizada para la realizaci\u00f3n de diversas entradas de la ciudad.<\/p>\n<figure class=\"wp-block-gallery has-nested-images columns-default is-cropped wp-block-gallery-1 is-layout-flex wp-block-gallery-is-layout-flex\">\n<figure class=\"wp-block-image size-large\"><img fetchpriority=\"high\" decoding=\"async\" width=\"1024\" height=\"682\" data-id=\"197910\" src=\"https:\/\/amun.lapaz.bo\/wp-content\/uploads\/2026\/04\/WhatsApp-Image-2026-04-26-at-14.06.46-6-1024x682.jpeg\" alt=\"\" class=\"wp-image-197910\" \/><\/figure>\n<figure class=\"wp-block-image size-large\"><img decoding=\"async\" width=\"1024\" height=\"682\" data-id=\"197911\" src=\"https:\/\/amun.lapaz.bo\/wp-content\/uploads\/2026\/04\/WhatsApp-Image-2026-04-26-at-14.06.46-1024x682.jpeg\" alt=\"\" class=\"wp-image-197911\" \/><\/figure>\n<figure class=\"wp-block-image size-large\"><img decoding=\"async\" width=\"1024\" height=\"682\" data-id=\"197912\" src=\"https:\/\/amun.lapaz.bo\/wp-content\/uploads\/2026\/04\/WhatsApp-Image-2026-04-26-at-14.06.47-1024x682.jpeg\" alt=\"\" class=\"wp-image-197912\" \/><\/figure>\n<\/figure>\n<p>\u201cHemos hablado con la Asociaci\u00f3n de Conjuntos Folkl\u00f3ricos de Colquepata, una de las m\u00e1s grandes de La Paz y mire ahora, este domingo, previo a la entrada mayor que se va a realizar en Copacabana el pr\u00f3ximo viernes primero, ahora est\u00e1 la avenida, un lugar tranquilo, amplio, espacioso, donde las fraternidades pueden desarrollar tranquilamente sus entradas sin perjudicar y sin convulsionar\u201d, dijo Arias entrevistado por la Agencia Municipal de Noticias.<\/p>\n<p>Arias manifest\u00f3 sentirse orgulloso porque la Av. Apumalla ya puede considerarse como el folkl\u00f3dromo pace\u00f1o, un espacio donde acoja a las manifestaciones culturales. Y la plaza que fue construida sobre la avenida, donde se puede apreciar un enorme mural, se pone a tono con ese sentido que se le quiere dar a esta v\u00eda, que a partir de ahora no solo es de comunicaci\u00f3n.<\/p>\n<p>\u201cLa avenida Apumalla es tan grande que van los conjuntos muy tranquilos, sin necesidad de perjudicar el tr\u00e1fico. Estoy muy contento, muy orgulloso. Hoy d\u00eda, domingo, mire usted, a una semana de dejar la gesti\u00f3n municipal, me siento orgulloso de que La Paz estrene su folcl\u00f3dromo. Se colabora y por supuesto se impulsa el folclore boliviano a trav\u00e9s de estas actividades\u201d, destac\u00f3 el Alcalde.<\/p>\n<p>\/\/\/\/<\/p>\n<figure class=\"wp-block-gallery has-nested-images columns-default is-cropped wp-block-gallery-2 is-layout-flex wp-block-gallery-is-layout-flex\">\n<figure class=\"wp-block-image size-large\"><img loading=\"lazy\" decoding=\"async\" loading=\"lazy\" width=\"1024\" height=\"744\" data-id=\"197913\" src=\"https:\/\/amun.lapaz.bo\/wp-content\/uploads\/2026\/04\/WhatsApp-Image-2026-04-26-at-14.06.46-2-1024x744.jpeg\" alt=\"\" class=\"wp-image-197913\" \/><\/figure>\n<figure class=\"wp-block-image size-large\"><img loading=\"lazy\" decoding=\"async\" loading=\"lazy\" width=\"1024\" height=\"682\" data-id=\"197914\" src=\"https:\/\/amun.lapaz.bo\/wp-content\/uploads\/2026\/04\/WhatsApp-Image-2026-04-26-at-14.06.46-4-1024x682.jpeg\" alt=\"\" class=\"wp-image-197914\" \/><\/figure>\n<figure class=\"wp-block-image size-large\"><img loading=\"lazy\" decoding=\"async\" loading=\"lazy\" width=\"1024\" height=\"710\" data-id=\"197916\" src=\"https:\/\/amun.lapaz.bo\/wp-content\/uploads\/2026\/04\/WhatsApp-Image-2026-04-26-at-14.06.46-8-1024x710.jpeg\" alt=\"\" class=\"wp-image-197916\" \/><\/figure>\n<figure class=\"wp-block-image size-large\"><img loading=\"lazy\" decoding=\"async\" loading=\"lazy\" width=\"1024\" height=\"822\" data-id=\"197915\" src=\"https:\/\/amun.lapaz.bo\/wp-content\/uploads\/2026\/04\/WhatsApp-Image-2026-04-26-at-14.06.47-2-1024x822.jpeg\" alt=\"\" class=\"wp-image-197915\" \/><\/figure>\n<figure class=\"wp-block-image size-large\"><img loading=\"lazy\" decoding=\"async\" loading=\"lazy\" width=\"1024\" height=\"719\" data-id=\"197917\" src=\"https:\/\/amun.lapaz.bo\/wp-content\/uploads\/2026\/04\/WhatsApp-Image-2026-04-26-at-14.06.47-6-1024x719.jpeg\" alt=\"\" class=\"wp-image-197917\" \/><\/figure>\n<\/figure>\n<p>La entrada <a href=\"https:\/\/amun.lapaz.bo\/la-av-apumalla-se-abre-al-folklore-con-la-pre-entrada-de-colquepata\/\">La Av. Apumalla se abre al folklore con la pre \u2013 entrada del Se\u00f1or de Colquepata<\/a> se public\u00f3 primero en <a href=\"https:\/\/amun.lapaz.bo\/\">Agencia Municipal de Noticias<\/a>.<\/p>","protected":false},"excerpt":{"rendered":"<p>El alcalde Iv&aacute;n Arias particip&oacute; de la actividad realizada en una de las Superobras que marcan su gesti&oacute;n y que pasa a constituirse en el folkl&oacute;dromo de la ciudad. AMUN\/26-04-2026 Cuando restan cinco d&iacute;as para la celebraci&oacute;n de la Entrada del Se&ntilde;or de la Santa Cruz de Colquepata, actividad que se realizar&aacute; el viernes 1 [&hellip;]<\/p>\n","protected":false},"author":1,"featured_media":0,"comment_status":"open","ping_status":"open","sticky":false,"template":"","format":"standard","meta":{"_eb_attr":"","site-sidebar-layout":"default","site-content-layout":"","ast-site-content-layout":"","site-content-style":"default","site-sidebar-style":"default","ast-global-header-display":"","ast-banner-title-visibility":"","ast-main-header-display":"","ast-hfb-above-header-display":"","ast-hfb-below-header-display":"","ast-hfb-mobile-header-display":"","site-post-title":"","ast-breadcrumbs-content":"","ast-featured-img":"","footer-sml-layout":"","theme-transparent-header-meta":"","adv-header-id-meta":"","stick-header-meta":"","header-above-stick-meta":"","header-main-stick-meta":"","header-below-stick-meta":"","astra-migrate-meta-layouts":"default","ast-page-background-enabled":"default","ast-page-background-meta":{"desktop":{"background-color":"var(--ast-global-color-4)","background-image":"","background-repeat":"repeat","background-position":"center center","background-size":"auto","background-attachment":"scroll","background-type":"","background-media":"","overlay-type":"","overlay-color":"","overlay-opacity":"","overlay-gradient":""},"tablet":{"background-color":"","background-image":"","background-repeat":"repeat","background-position":"center center","background-size":"auto","background-attachment":"scroll","background-type":"","background-media":"","overlay-type":"","overlay-color":"","overlay-opacity":"","overlay-gradient":""},"mobile":{"background-color":"","background-image":"","background-repeat":"repeat","background-position":"center center","background-size":"auto","background-attachment":"scroll","background-type":"","background-media":"","overlay-type":"","overlay-color":"","overlay-opacity":"","overlay-gradient":""}},"ast-content-background-meta":{"desktop":{"background-color":"var(--ast-global-color-5)","background-image":"","background-repeat":"repeat","background-position":"center center","background-size":"auto","background-attachment":"scroll","background-type":"","background-media":"","overlay-type":"","overlay-color":"","overlay-opacity":"","overlay-gradient":""},"tablet":{"background-color":"var(--ast-global-color-5)","background-image":"","background-repeat":"repeat","background-position":"center center","background-size":"auto","background-attachment":"scroll","background-type":"","background-media":"","overlay-type":"","overlay-color":"","overlay-opacity":"","overlay-gradient":""},"mobile":{"background-color":"var(--ast-global-color-5)","background-image":"","background-repeat":"repeat","background-position":"center center","background-size":"auto","background-attachment":"scroll","background-type":"","background-media":"","overlay-type":"","overlay-color":"","overlay-opacity":"","overlay-gradient":""}},"footnotes":""},"categories":[178],"tags":[],"class_list":["post-30948","post","type-post","status-publish","format-standard","has-post-thumbnail","hentry","category-amun"],"_links":{"self":[{"href":"https:\/\/lapaz.bo\/agendajiwaki\/wp-json\/wp\/v2\/posts\/30948","targetHints":{"allow":["GET"]}}],"collection":[{"href":"https:\/\/lapaz.bo\/agendajiwaki\/wp-json\/wp\/v2\/posts"}],"about":[{"href":"https:\/\/lapaz.bo\/agendajiwaki\/wp-json\/wp\/v2\/types\/post"}],"author":[{"embeddable":true,"href":"https:\/\/lapaz.bo\/agendajiwaki\/wp-json\/wp\/v2\/users\/1"}],"replies":[{"embeddable":true,"href":"https:\/\/lapaz.bo\/agendajiwaki\/wp-json\/wp\/v2\/comments?post=30948"}],"version-history":[{"count":0,"href":"https:\/\/lapaz.bo\/agendajiwaki\/wp-json\/wp\/v2\/posts\/30948\/revisions"}],"wp:attachment":[{"href":"https:\/\/lapaz.bo\/agendajiwaki\/wp-json\/wp\/v2\/media?parent=30948"}],"wp:term":[{"taxonomy":"category","embeddable":true,"href":"https:\/\/lapaz.bo\/agendajiwaki\/wp-json\/wp\/v2\/categories?post=30948"},{"taxonomy":"post_tag","embeddable":true,"href":"https:\/\/lapaz.bo\/agendajiwaki\/wp-json\/wp\/v2\/tags?post=30948"}],"curies":[{"name":"wp","href":"https:\/\/api.w.org\/{rel}","templated":true}]}}