{"id":30825,"date":"2026-04-23T12:54:18","date_gmt":"2026-04-23T16:54:18","guid":{"rendered":"https:\/\/lapaz.bo\/agendajiwaki\/la-paz-lanza-la-tercera-version-del-asado-fest-internacional-2026-con-participacion-de-expertos-nacionales-e-internacionales\/"},"modified":"2026-04-23T12:54:18","modified_gmt":"2026-04-23T16:54:18","slug":"la-paz-lanza-la-tercera-version-del-asado-fest-internacional-2026-con-participacion-de-expertos-nacionales-e-internacionales","status":"publish","type":"post","link":"https:\/\/lapaz.bo\/agendajiwaki\/la-paz-lanza-la-tercera-version-del-asado-fest-internacional-2026-con-participacion-de-expertos-nacionales-e-internacionales\/","title":{"rendered":"La Paz lanza la tercera versi\u00f3n del Asado Fest Internacional 2026 con participaci\u00f3n de expertos nacionales e internacionales"},"content":{"rendered":"<p><!-- VideographyWP Plugin Message: Automatic video embedding prevented by plugin options. --><\/p>\n<p><em>El evento gastron\u00f3mico se realizar\u00e1 este fin de semana en la plaza Villarroel y reunir\u00e1 a asadores de distintos pa\u00edses, m\u00fasica en vivo y una amplia oferta culinaria<\/em><\/p>\n<p>AMUN\/23-04-26<br \/>Con una invitaci\u00f3n abierta a toda la ciudadan\u00eda, el Gobierno Aut\u00f3nomo Municipal de La Paz realiz\u00f3 este jueves el lanzamiento oficial del Asado Fest Internacional 2026 en su tercera versi\u00f3n, un evento que busca posicionar a la ciudad como un referente gastron\u00f3mico y tur\u00edstico a nivel internacional.<\/p>\n<p>Durante el acto, el secretario municipal de Culturas, Am\u00e9rico Gemio, destac\u00f3 que La Paz cuenta con una amplia oferta cultural y gastron\u00f3mica que merece ser disfrutada por locales y visitantes.<\/p>\n<p>\u201cEste no es solo un evento local, es un evento internacional. Tendremos la presencia de asadores altamente calificados de distintos pa\u00edses, adem\u00e1s de nuestros representantes nacionales que incluso han tra\u00eddo t\u00edtulos internacionales para Bolivia\u201d, afirm\u00f3.<\/p>\n<figure class=\"wp-block-gallery has-nested-images columns-default is-cropped wp-block-gallery-1 is-layout-flex wp-block-gallery-is-layout-flex\">\n<figure class=\"wp-block-image size-large\"><img fetchpriority=\"high\" decoding=\"async\" width=\"1024\" height=\"683\" data-id=\"197721\" src=\"https:\/\/amun.lapaz.bo\/wp-content\/uploads\/2026\/04\/WhatsApp-Image-2026-04-23-at-11.57.11-AM-1-1024x683.jpeg\" alt=\"\" class=\"wp-image-197721\" \/><\/figure>\n<figure class=\"wp-block-image size-large\"><img decoding=\"async\" width=\"1024\" height=\"683\" data-id=\"197723\" src=\"https:\/\/amun.lapaz.bo\/wp-content\/uploads\/2026\/04\/WhatsApp-Image-2026-04-23-at-11.57.11-AM-1024x683.jpeg\" alt=\"\" class=\"wp-image-197723\" \/><\/figure>\n<figure class=\"wp-block-image size-large\"><img decoding=\"async\" width=\"1024\" height=\"683\" data-id=\"197722\" src=\"https:\/\/amun.lapaz.bo\/wp-content\/uploads\/2026\/04\/WhatsApp-Image-2026-04-23-at-11.57.10-AM-1024x683.jpeg\" alt=\"\" class=\"wp-image-197722\" \/><\/figure>\n<\/figure>\n<p>El festival se desarrollar\u00e1 este s\u00e1bado y domingo en la plaza Villarroel desde las 10:00, donde el p\u00fablico podr\u00e1 disfrutar de una variada propuesta gastron\u00f3mica, m\u00fasica en vivo y actividades para toda la familia. Entre los atractivos se encuentran presentaciones de cumbia, rock y pop, adem\u00e1s de concursos, activaciones y premios para los asistentes.<\/p>\n<p>Por su parte, el presidente de la Asociaci\u00f3n de Asadores, Milton Sosa, explic\u00f3 que esta tercera versi\u00f3n consolida el crecimiento del evento, con la participaci\u00f3n de m\u00e1s de 30 stands y la presencia de asadores nacionales e internacionales. \u201cNo es solo un festival de parrillas, es una experiencia completa donde se podr\u00e1 ver distintas t\u00e9cnicas de cocci\u00f3n, desde carnes ahumadas hasta asados a la estaca, adem\u00e1s de propuestas innovadoras de restaurantes locales\u201d, se\u00f1al\u00f3.<\/p>\n<figure class=\"wp-block-gallery has-nested-images columns-default is-cropped wp-block-gallery-2 is-layout-flex wp-block-gallery-is-layout-flex\">\n<figure class=\"wp-block-image size-large\"><img loading=\"lazy\" decoding=\"async\" loading=\"lazy\" width=\"1024\" height=\"769\" data-id=\"197724\" src=\"https:\/\/amun.lapaz.bo\/wp-content\/uploads\/2026\/04\/WhatsApp-Image-2026-04-23-at-11.57.23-AM-1024x769.jpeg\" alt=\"\" class=\"wp-image-197724\" \/><\/figure>\n<figure class=\"wp-block-image size-large\"><img loading=\"lazy\" decoding=\"async\" loading=\"lazy\" width=\"1024\" height=\"683\" data-id=\"197725\" src=\"https:\/\/amun.lapaz.bo\/wp-content\/uploads\/2026\/04\/WhatsApp-Image-2026-04-23-at-11.57.21-AM-1024x683.jpeg\" alt=\"\" class=\"wp-image-197725\" \/><\/figure>\n<figure class=\"wp-block-image size-large\"><img loading=\"lazy\" decoding=\"async\" loading=\"lazy\" width=\"1024\" height=\"683\" data-id=\"197726\" src=\"https:\/\/amun.lapaz.bo\/wp-content\/uploads\/2026\/04\/WhatsApp-Image-2026-04-23-at-11.57.19-AM-1024x683.jpeg\" alt=\"\" class=\"wp-image-197726\" \/><\/figure>\n<\/figure>\n<p>El evento contar\u00e1 con delegaciones de pa\u00edses como Argentina y Per\u00fa, adem\u00e1s de invitados de distintas regiones de Bolivia, quienes presentar\u00e1n especialidades como costillares, cordero, mariscos a la parrilla y una amplia variedad de platos tradicionales y contempor\u00e1neos.<\/p>\n<p>Desde la organizaci\u00f3n tambi\u00e9n se resalt\u00f3 el impacto econ\u00f3mico de esta iniciativa, que involucra a emprendedores, restaurantes y proveedores locales, generando oportunidades para el sector gastron\u00f3mico de la ciudad.<\/p>\n<p>Finalmente, las autoridades reiteraron la invitaci\u00f3n a la poblaci\u00f3n a ser parte de esta gran fiesta gastron\u00f3mica que, adem\u00e1s de promover el turismo, busca consolidar a La Paz como un destino donde la cultura, el sabor y la experiencia se viven en un solo lugar.<br \/>\/\/\/\/\/<\/p>\n<p>La entrada <a href=\"https:\/\/amun.lapaz.bo\/la-paz-lanza-la-tercera-version-del-asado-fest-internacional-2026-con-participacion-de-expertos-nacionales-e-internacionales\/\">La Paz lanza la tercera versi\u00f3n del Asado Fest Internacional 2026 con participaci\u00f3n de expertos nacionales e internacionales<\/a> se public\u00f3 primero en <a href=\"https:\/\/amun.lapaz.bo\/\">Agencia Municipal de Noticias<\/a>.<\/p>","protected":false},"excerpt":{"rendered":"<p>El evento gastron&oacute;mico se realizar&aacute; este fin de semana en la plaza Villarroel y reunir&aacute; a asadores de distintos pa&iacute;ses, m&uacute;sica en vivo y una amplia oferta culinaria AMUN\/23-04-26Con una invitaci&oacute;n abierta a toda la ciudadan&iacute;a, el Gobierno Aut&oacute;nomo Municipal de La Paz realiz&oacute; este jueves el lanzamiento oficial del Asado Fest Internacional 2026 en [&hellip;]<\/p>\n","protected":false},"author":1,"featured_media":0,"comment_status":"open","ping_status":"open","sticky":false,"template":"","format":"standard","meta":{"_eb_attr":"","site-sidebar-layout":"default","site-content-layout":"","ast-site-content-layout":"","site-content-style":"default","site-sidebar-style":"default","ast-global-header-display":"","ast-banner-title-visibility":"","ast-main-header-display":"","ast-hfb-above-header-display":"","ast-hfb-below-header-display":"","ast-hfb-mobile-header-display":"","site-post-title":"","ast-breadcrumbs-content":"","ast-featured-img":"","footer-sml-layout":"","theme-transparent-header-meta":"","adv-header-id-meta":"","stick-header-meta":"","header-above-stick-meta":"","header-main-stick-meta":"","header-below-stick-meta":"","astra-migrate-meta-layouts":"default","ast-page-background-enabled":"default","ast-page-background-meta":{"desktop":{"background-color":"var(--ast-global-color-4)","background-image":"","background-repeat":"repeat","background-position":"center center","background-size":"auto","background-attachment":"scroll","background-type":"","background-media":"","overlay-type":"","overlay-color":"","overlay-opacity":"","overlay-gradient":""},"tablet":{"background-color":"","background-image":"","background-repeat":"repeat","background-position":"center center","background-size":"auto","background-attachment":"scroll","background-type":"","background-media":"","overlay-type":"","overlay-color":"","overlay-opacity":"","overlay-gradient":""},"mobile":{"background-color":"","background-image":"","background-repeat":"repeat","background-position":"center center","background-size":"auto","background-attachment":"scroll","background-type":"","background-media":"","overlay-type":"","overlay-color":"","overlay-opacity":"","overlay-gradient":""}},"ast-content-background-meta":{"desktop":{"background-color":"var(--ast-global-color-5)","background-image":"","background-repeat":"repeat","background-position":"center center","background-size":"auto","background-attachment":"scroll","background-type":"","background-media":"","overlay-type":"","overlay-color":"","overlay-opacity":"","overlay-gradient":""},"tablet":{"background-color":"var(--ast-global-color-5)","background-image":"","background-repeat":"repeat","background-position":"center center","background-size":"auto","background-attachment":"scroll","background-type":"","background-media":"","overlay-type":"","overlay-color":"","overlay-opacity":"","overlay-gradient":""},"mobile":{"background-color":"var(--ast-global-color-5)","background-image":"","background-repeat":"repeat","background-position":"center center","background-size":"auto","background-attachment":"scroll","background-type":"","background-media":"","overlay-type":"","overlay-color":"","overlay-opacity":"","overlay-gradient":""}},"footnotes":""},"categories":[178],"tags":[],"class_list":["post-30825","post","type-post","status-publish","format-standard","has-post-thumbnail","hentry","category-amun"],"_links":{"self":[{"href":"https:\/\/lapaz.bo\/agendajiwaki\/wp-json\/wp\/v2\/posts\/30825","targetHints":{"allow":["GET"]}}],"collection":[{"href":"https:\/\/lapaz.bo\/agendajiwaki\/wp-json\/wp\/v2\/posts"}],"about":[{"href":"https:\/\/lapaz.bo\/agendajiwaki\/wp-json\/wp\/v2\/types\/post"}],"author":[{"embeddable":true,"href":"https:\/\/lapaz.bo\/agendajiwaki\/wp-json\/wp\/v2\/users\/1"}],"replies":[{"embeddable":true,"href":"https:\/\/lapaz.bo\/agendajiwaki\/wp-json\/wp\/v2\/comments?post=30825"}],"version-history":[{"count":0,"href":"https:\/\/lapaz.bo\/agendajiwaki\/wp-json\/wp\/v2\/posts\/30825\/revisions"}],"wp:attachment":[{"href":"https:\/\/lapaz.bo\/agendajiwaki\/wp-json\/wp\/v2\/media?parent=30825"}],"wp:term":[{"taxonomy":"category","embeddable":true,"href":"https:\/\/lapaz.bo\/agendajiwaki\/wp-json\/wp\/v2\/categories?post=30825"},{"taxonomy":"post_tag","embeddable":true,"href":"https:\/\/lapaz.bo\/agendajiwaki\/wp-json\/wp\/v2\/tags?post=30825"}],"curies":[{"name":"wp","href":"https:\/\/api.w.org\/{rel}","templated":true}]}}