{"id":30808,"date":"2026-04-22T10:08:28","date_gmt":"2026-04-22T14:08:28","guid":{"rendered":"https:\/\/lapaz.bo\/agendajiwaki\/alcalde-arias-lamenta-fallecimiento-de-mariano-baptista-y-destaca-su-legado-intelectual\/"},"modified":"2026-04-22T10:08:28","modified_gmt":"2026-04-22T14:08:28","slug":"alcalde-arias-lamenta-fallecimiento-de-mariano-baptista-y-destaca-su-legado-intelectual","status":"publish","type":"post","link":"https:\/\/lapaz.bo\/agendajiwaki\/alcalde-arias-lamenta-fallecimiento-de-mariano-baptista-y-destaca-su-legado-intelectual\/","title":{"rendered":"Alcalde Arias lamenta fallecimiento de Mariano Baptista y destaca su legado intelectual"},"content":{"rendered":"<p><!-- VideographyWP Plugin Message: Automatic video embedding prevented by plugin options. --><\/p>\n<p><em>La autoridad edil resalt\u00f3 el aporte del escritor, historiador y periodista a la memoria y cultura del pa\u00eds.<br \/><\/em>AMUN\/21-04-26<\/p>\n<p>Tras la confirmaci\u00f3n del fallecimiento del escritor, historiador y periodista Mariano Baptista Gumucio, el alcalde de La Paz, Iv\u00e1n Arias, expres\u00f3 su pesar a trav\u00e9s de sus redes sociales y manifest\u00f3 su solidaridad con la familia del reconocido intelectual.<\/p>\n<p>\u201cNos ha dejado el Maestro Mariano Baptista Gumucio; su obra, rigor investigativo y verdadero compromiso con la memoria del pa\u00eds estar\u00e1n siempre como referencia para futuras generaciones\u201d, public\u00f3 la autoridad en la plataforma X, destacando su invaluable aporte a la cultura boliviana.<\/p>\n<p>Baptista naci\u00f3 en el departamento de Cochabamba en 1933 y, aunque fue abogado de profesi\u00f3n, desarroll\u00f3 una destacada trayectoria en la pol\u00edtica, la escritura, la historia y el periodismo.<\/p>\n<p>En el \u00e1mbito p\u00fablico, ejerci\u00f3 funciones como ministro de Educaci\u00f3n y embajador de Bolivia en Estados Unidos, adem\u00e1s de desempe\u00f1arse como director del peri\u00f3dico \u00daltima Hora de La Paz y productor de programas culturales.<\/p>\n<p>Su legado se refleja en diversas obras que marcaron el pensamiento nacional, entre ellas Revoluci\u00f3n y Universidad en Bolivia, La Guerra Final, La Cultura que Heredamos y El Secreto para cambiar Bolivia, entre otras.<\/p>\n<p>El Gobierno Aut\u00f3nomo Municipal de La Paz lament\u00f3 el fallecimiento de Mariano Baptista Gumucio a los 93 a\u00f1os, tras una prolongada enfermedad, y destac\u00f3 su contribuci\u00f3n como referente intelectual cuyo trabajo perdurar\u00e1 en la historia del pa\u00eds.<br \/>\/\/\/\/\/<\/p>\n<p>La entrada <a href=\"https:\/\/amun.lapaz.bo\/alcalde-arias-lamenta-fallecimiento-de-mariano-baptista-y-destaca-su-legado-intelectual\/\">Alcalde Arias lamenta fallecimiento de Mariano Baptista y destaca su legado intelectual<\/a> se public\u00f3 primero en <a href=\"https:\/\/amun.lapaz.bo\/\">Agencia Municipal de Noticias<\/a>.<\/p>","protected":false},"excerpt":{"rendered":"<p>La autoridad edil resalt&oacute; el aporte del escritor, historiador y periodista a la memoria y cultura del pa&iacute;s.AMUN\/21-04-26 Tras la confirmaci&oacute;n del fallecimiento del escritor, historiador y periodista Mariano Baptista Gumucio, el alcalde de La Paz, Iv&aacute;n Arias, expres&oacute; su pesar a trav&eacute;s de sus redes sociales y manifest&oacute; su solidaridad con la familia del [&hellip;]<\/p>\n","protected":false},"author":1,"featured_media":0,"comment_status":"open","ping_status":"open","sticky":false,"template":"","format":"standard","meta":{"_eb_attr":"","site-sidebar-layout":"default","site-content-layout":"","ast-site-content-layout":"","site-content-style":"default","site-sidebar-style":"default","ast-global-header-display":"","ast-banner-title-visibility":"","ast-main-header-display":"","ast-hfb-above-header-display":"","ast-hfb-below-header-display":"","ast-hfb-mobile-header-display":"","site-post-title":"","ast-breadcrumbs-content":"","ast-featured-img":"","footer-sml-layout":"","theme-transparent-header-meta":"","adv-header-id-meta":"","stick-header-meta":"","header-above-stick-meta":"","header-main-stick-meta":"","header-below-stick-meta":"","astra-migrate-meta-layouts":"default","ast-page-background-enabled":"default","ast-page-background-meta":{"desktop":{"background-color":"var(--ast-global-color-4)","background-image":"","background-repeat":"repeat","background-position":"center center","background-size":"auto","background-attachment":"scroll","background-type":"","background-media":"","overlay-type":"","overlay-color":"","overlay-opacity":"","overlay-gradient":""},"tablet":{"background-color":"","background-image":"","background-repeat":"repeat","background-position":"center center","background-size":"auto","background-attachment":"scroll","background-type":"","background-media":"","overlay-type":"","overlay-color":"","overlay-opacity":"","overlay-gradient":""},"mobile":{"background-color":"","background-image":"","background-repeat":"repeat","background-position":"center center","background-size":"auto","background-attachment":"scroll","background-type":"","background-media":"","overlay-type":"","overlay-color":"","overlay-opacity":"","overlay-gradient":""}},"ast-content-background-meta":{"desktop":{"background-color":"var(--ast-global-color-5)","background-image":"","background-repeat":"repeat","background-position":"center center","background-size":"auto","background-attachment":"scroll","background-type":"","background-media":"","overlay-type":"","overlay-color":"","overlay-opacity":"","overlay-gradient":""},"tablet":{"background-color":"var(--ast-global-color-5)","background-image":"","background-repeat":"repeat","background-position":"center center","background-size":"auto","background-attachment":"scroll","background-type":"","background-media":"","overlay-type":"","overlay-color":"","overlay-opacity":"","overlay-gradient":""},"mobile":{"background-color":"var(--ast-global-color-5)","background-image":"","background-repeat":"repeat","background-position":"center center","background-size":"auto","background-attachment":"scroll","background-type":"","background-media":"","overlay-type":"","overlay-color":"","overlay-opacity":"","overlay-gradient":""}},"footnotes":""},"categories":[178],"tags":[],"class_list":["post-30808","post","type-post","status-publish","format-standard","hentry","category-amun"],"_links":{"self":[{"href":"https:\/\/lapaz.bo\/agendajiwaki\/wp-json\/wp\/v2\/posts\/30808","targetHints":{"allow":["GET"]}}],"collection":[{"href":"https:\/\/lapaz.bo\/agendajiwaki\/wp-json\/wp\/v2\/posts"}],"about":[{"href":"https:\/\/lapaz.bo\/agendajiwaki\/wp-json\/wp\/v2\/types\/post"}],"author":[{"embeddable":true,"href":"https:\/\/lapaz.bo\/agendajiwaki\/wp-json\/wp\/v2\/users\/1"}],"replies":[{"embeddable":true,"href":"https:\/\/lapaz.bo\/agendajiwaki\/wp-json\/wp\/v2\/comments?post=30808"}],"version-history":[{"count":0,"href":"https:\/\/lapaz.bo\/agendajiwaki\/wp-json\/wp\/v2\/posts\/30808\/revisions"}],"wp:attachment":[{"href":"https:\/\/lapaz.bo\/agendajiwaki\/wp-json\/wp\/v2\/media?parent=30808"}],"wp:term":[{"taxonomy":"category","embeddable":true,"href":"https:\/\/lapaz.bo\/agendajiwaki\/wp-json\/wp\/v2\/categories?post=30808"},{"taxonomy":"post_tag","embeddable":true,"href":"https:\/\/lapaz.bo\/agendajiwaki\/wp-json\/wp\/v2\/tags?post=30808"}],"curies":[{"name":"wp","href":"https:\/\/api.w.org\/{rel}","templated":true}]}}