{"id":30792,"date":"2026-04-21T12:53:50","date_gmt":"2026-04-21T16:53:50","guid":{"rendered":"https:\/\/lapaz.bo\/agendajiwaki\/buscan-guias-voluntarios-para-la-larga-noche-de-museos-2026\/"},"modified":"2026-04-21T12:53:50","modified_gmt":"2026-04-21T16:53:50","slug":"buscan-guias-voluntarios-para-la-larga-noche-de-museos-2026","status":"publish","type":"post","link":"https:\/\/lapaz.bo\/agendajiwaki\/buscan-guias-voluntarios-para-la-larga-noche-de-museos-2026\/","title":{"rendered":"Buscan gu\u00edas voluntarios para la Larga Noche de Museos 2026"},"content":{"rendered":"<p><!-- VideographyWP Plugin Message: Automatic video embedding prevented by plugin options. --><\/p>\n<p>La Secretar\u00eda Municipal de Culturas necesita estudiantes y profesionales de \u00e1reas como Historia y Turismo para guiar a los visitantes de la XX edici\u00f3n de esta actividad. Los interesados pueden postularse hasta el 30 de abril.<\/p>\n<p>AMUN\/21-04-26<\/p>\n<p>La Secretar\u00eda Municipal de Culturas y Turismo ha lanzado oficialmente la convocatoria para ciudadanos que deseen formar parte del equipo de gu\u00edas voluntarios durante la XX Larga Noche de Museos 2026. La invitaci\u00f3n est\u00e1 dirigida principalmente a estudiantes y profesionales de las carreras de Turismo, Historia, Arqueolog\u00eda y ramas afines a las humanidades.<\/p>\n<p><strong>Requisitos y postulaci\u00f3n<\/strong><br \/>Quienes deseen participar deber\u00e1n enviar su hoja de vida actualizada adjunta a una fotocopia de carnet de identidad al correo electr\u00f3nico oficial: museosmunicipales.gabnp@gmail.com.<br \/>El periodo de recepci\u00f3n de documentos est\u00e1 abierto desde el 13 y se prolongar\u00e1 hasta el 30 de abril. Seg\u00fan los organizadores, se busca personal que demuestre compromiso, responsabilidad y una actitud proactiva para gestionar el flujo de visitantes en los distintos centros culturales de la ciudad.<\/p>\n<figure class=\"wp-block-gallery has-nested-images columns-default is-cropped wp-block-gallery-1 is-layout-flex wp-block-gallery-is-layout-flex\">\n<figure class=\"wp-block-image size-large\"><img fetchpriority=\"high\" decoding=\"async\" width=\"768\" height=\"1024\" data-id=\"197544\" src=\"https:\/\/amun.lapaz.bo\/wp-content\/uploads\/2026\/04\/677322610_986416043751891_7568066044750595220_n-768x1024.jpg\" alt=\"\" class=\"wp-image-197544\"\/><\/figure>\n<\/figure>\n<p><strong>Beneficios del voluntariado<\/strong><br \/>M\u00e1s all\u00e1 del apoyo log\u00edstico, esta iniciativa se presenta como una oportunidad de formaci\u00f3n profesional. Los seleccionados podr\u00e1n:<br \/>Certificar experiencia real en su \u00e1rea de estudio.<br \/>Desarrollar habilidades de oratoria y gu\u00eda tur\u00edstica.<br \/>Conectar directamente con el patrimonio y la gesti\u00f3n cultural desde el interior de las instituciones.<\/p>\n<p><strong>Cronograma del evento<br \/><\/strong>El evento principal se llevar\u00e1 a cabo el s\u00e1bado 16 de mayo. Los voluntarios seleccionados deber\u00e1n contar con disponibilidad de tiempo completa para esa jornada, espec\u00edficamente desde las 15:00 hasta la medianoche, horario en el que los repositorios y museos municipales abrir\u00e1n sus puertas de forma gratuita a la poblaci\u00f3n.<br \/>Esta convocatoria representa una de las movilizaciones culturales m\u00e1s grandes del a\u00f1o, permitiendo que las nuevas generaciones de profesionales tengan un contacto directo con el p\u00fablico y la historia viva de la regi\u00f3n.<br \/>\/\/\/\/\/<\/p>\n<p>La entrada <a href=\"https:\/\/amun.lapaz.bo\/buscan-guias-voluntarios-para-la-larga-noche-de-museos-2026\/\">Buscan gu\u00edas voluntarios para la Larga Noche de Museos 2026<\/a> se public\u00f3 primero en <a href=\"https:\/\/amun.lapaz.bo\/\">Agencia Municipal de Noticias<\/a>.<\/p>","protected":false},"excerpt":{"rendered":"<p>La Secretar&iacute;a Municipal de Culturas necesita estudiantes y profesionales de &aacute;reas como Historia y Turismo para guiar a los visitantes de la XX edici&oacute;n de esta actividad. Los interesados pueden postularse hasta el 30 de abril. AMUN\/21-04-26 La Secretar&iacute;a Municipal de Culturas y Turismo ha lanzado oficialmente la convocatoria para ciudadanos que deseen formar parte [&hellip;]<\/p>\n","protected":false},"author":1,"featured_media":0,"comment_status":"open","ping_status":"open","sticky":false,"template":"","format":"standard","meta":{"_eb_attr":"","site-sidebar-layout":"default","site-content-layout":"","ast-site-content-layout":"","site-content-style":"default","site-sidebar-style":"default","ast-global-header-display":"","ast-banner-title-visibility":"","ast-main-header-display":"","ast-hfb-above-header-display":"","ast-hfb-below-header-display":"","ast-hfb-mobile-header-display":"","site-post-title":"","ast-breadcrumbs-content":"","ast-featured-img":"","footer-sml-layout":"","theme-transparent-header-meta":"","adv-header-id-meta":"","stick-header-meta":"","header-above-stick-meta":"","header-main-stick-meta":"","header-below-stick-meta":"","astra-migrate-meta-layouts":"default","ast-page-background-enabled":"default","ast-page-background-meta":{"desktop":{"background-color":"var(--ast-global-color-4)","background-image":"","background-repeat":"repeat","background-position":"center center","background-size":"auto","background-attachment":"scroll","background-type":"","background-media":"","overlay-type":"","overlay-color":"","overlay-opacity":"","overlay-gradient":""},"tablet":{"background-color":"","background-image":"","background-repeat":"repeat","background-position":"center center","background-size":"auto","background-attachment":"scroll","background-type":"","background-media":"","overlay-type":"","overlay-color":"","overlay-opacity":"","overlay-gradient":""},"mobile":{"background-color":"","background-image":"","background-repeat":"repeat","background-position":"center center","background-size":"auto","background-attachment":"scroll","background-type":"","background-media":"","overlay-type":"","overlay-color":"","overlay-opacity":"","overlay-gradient":""}},"ast-content-background-meta":{"desktop":{"background-color":"var(--ast-global-color-5)","background-image":"","background-repeat":"repeat","background-position":"center center","background-size":"auto","background-attachment":"scroll","background-type":"","background-media":"","overlay-type":"","overlay-color":"","overlay-opacity":"","overlay-gradient":""},"tablet":{"background-color":"var(--ast-global-color-5)","background-image":"","background-repeat":"repeat","background-position":"center center","background-size":"auto","background-attachment":"scroll","background-type":"","background-media":"","overlay-type":"","overlay-color":"","overlay-opacity":"","overlay-gradient":""},"mobile":{"background-color":"var(--ast-global-color-5)","background-image":"","background-repeat":"repeat","background-position":"center center","background-size":"auto","background-attachment":"scroll","background-type":"","background-media":"","overlay-type":"","overlay-color":"","overlay-opacity":"","overlay-gradient":""}},"footnotes":""},"categories":[178],"tags":[],"class_list":["post-30792","post","type-post","status-publish","format-standard","has-post-thumbnail","hentry","category-amun"],"_links":{"self":[{"href":"https:\/\/lapaz.bo\/agendajiwaki\/wp-json\/wp\/v2\/posts\/30792","targetHints":{"allow":["GET"]}}],"collection":[{"href":"https:\/\/lapaz.bo\/agendajiwaki\/wp-json\/wp\/v2\/posts"}],"about":[{"href":"https:\/\/lapaz.bo\/agendajiwaki\/wp-json\/wp\/v2\/types\/post"}],"author":[{"embeddable":true,"href":"https:\/\/lapaz.bo\/agendajiwaki\/wp-json\/wp\/v2\/users\/1"}],"replies":[{"embeddable":true,"href":"https:\/\/lapaz.bo\/agendajiwaki\/wp-json\/wp\/v2\/comments?post=30792"}],"version-history":[{"count":0,"href":"https:\/\/lapaz.bo\/agendajiwaki\/wp-json\/wp\/v2\/posts\/30792\/revisions"}],"wp:attachment":[{"href":"https:\/\/lapaz.bo\/agendajiwaki\/wp-json\/wp\/v2\/media?parent=30792"}],"wp:term":[{"taxonomy":"category","embeddable":true,"href":"https:\/\/lapaz.bo\/agendajiwaki\/wp-json\/wp\/v2\/categories?post=30792"},{"taxonomy":"post_tag","embeddable":true,"href":"https:\/\/lapaz.bo\/agendajiwaki\/wp-json\/wp\/v2\/tags?post=30792"}],"curies":[{"name":"wp","href":"https:\/\/api.w.org\/{rel}","templated":true}]}}