{"id":30774,"date":"2026-04-21T10:07:57","date_gmt":"2026-04-21T14:07:57","guid":{"rendered":"https:\/\/lapaz.bo\/agendajiwaki\/gobierno-municipal-homenajea-a-los-caporales-reyes-de-la-tuntuna-enaf-por-sus-50-anos-de-creacion\/"},"modified":"2026-04-21T10:07:57","modified_gmt":"2026-04-21T14:07:57","slug":"gobierno-municipal-homenajea-a-los-caporales-reyes-de-la-tuntuna-enaf-por-sus-50-anos-de-creacion","status":"publish","type":"post","link":"https:\/\/lapaz.bo\/agendajiwaki\/gobierno-municipal-homenajea-a-los-caporales-reyes-de-la-tuntuna-enaf-por-sus-50-anos-de-creacion\/","title":{"rendered":"Gobierno Municipal homenajea a los Caporales Reyes de la Tuntuna ENAF por sus 50 a\u00f1os de creaci\u00f3n"},"content":{"rendered":"<p><!-- VideographyWP Plugin Message: Automatic video embedding prevented by plugin options. --><\/p>\n<p>Esta agrupaci\u00f3n folkl\u00f3rica recibi\u00f3 un homenaje en la Casa de la Cultura \u201cFranz Tamayo\u201d, destacando su valioso aporte cultural a la sociedad.<\/p>\n<p>AMUN\/20-04-2026<\/p>\n<p>En una emotiva ceremonia que subraya el compromiso de la Secretar\u00eda Municipal de Culturas y Turismo con la preservaci\u00f3n y promoci\u00f3n de las ra\u00edces culturales, este martes otorg\u00f3 un significativo reconocimiento a la fraternidad Caporales Reyes de la Tuntuna ENAF.\u00a0<\/p>\n<p>Este homenaje, realizado en el quinto piso de la Casa de la \u201cCultura Franz Tamayo\u201d, se planific\u00f3 en conmemoraci\u00f3n a los 50 a\u00f1os de trayectoria ininterrumpida y su valios\u00edsimo aporte a la cultura pace\u00f1a.<\/p>\n<p>La celebraci\u00f3n no es solo un acto protocolar, sino un tributo a la dedicaci\u00f3n, la pasi\u00f3n inquebrantable y la profunda identidad que esta distinguida fraternidad ha mantenido viva con fervor a lo largo de medio siglo.\u00a0<\/p>\n<p>Desde su fundaci\u00f3n, Caporales Reyes de la Tuntuna ENAF ha sido un faro de la danza de Caporales, enriqueciendo el tejido cultural de La Paz y transmitiendo sus conocimientos y tradiciones a trav\u00e9s de generaciones de bailarines y m\u00fasicos.<\/p>\n<p>Este reconocimiento es un reflejo de la importancia de Caporales Reyes de la Tuntuna ENAF no solo como una agrupaci\u00f3n danc\u00edstica, sino como un custodio de las tradiciones, un motor de la cohesi\u00f3n social y un embajador vibrante del patrimonio cultural de la regi\u00f3n. Su legado perdura en cada paso, en cada ritmo y en el coraz\u00f3n de la comunidad pace\u00f1a.<\/p>\n<p>\/\/\/\/<\/p>\n<figure class=\"wp-block-gallery has-nested-images columns-default is-cropped wp-block-gallery-1 is-layout-flex wp-block-gallery-is-layout-flex\">\n<figure class=\"wp-block-image size-large\"><img fetchpriority=\"high\" decoding=\"async\" width=\"1024\" height=\"682\" data-id=\"197518\" src=\"https:\/\/amun.lapaz.bo\/wp-content\/uploads\/2026\/04\/IMG_3104-1024x682.jpeg\" alt=\"\" class=\"wp-image-197518\" \/><\/figure>\n<figure class=\"wp-block-image size-large\"><img decoding=\"async\" width=\"1024\" height=\"682\" data-id=\"197519\" src=\"https:\/\/amun.lapaz.bo\/wp-content\/uploads\/2026\/04\/IMG_3101-1024x682.jpeg\" alt=\"\" class=\"wp-image-197519\" \/><\/figure>\n<figure class=\"wp-block-image size-large\"><img decoding=\"async\" width=\"1024\" height=\"768\" data-id=\"197523\" src=\"https:\/\/amun.lapaz.bo\/wp-content\/uploads\/2026\/04\/IMG_3097-1024x768.jpeg\" alt=\"\" class=\"wp-image-197523\" \/><\/figure>\n<figure class=\"wp-block-image size-large\"><img loading=\"lazy\" decoding=\"async\" loading=\"lazy\" width=\"1024\" height=\"682\" data-id=\"197521\" src=\"https:\/\/amun.lapaz.bo\/wp-content\/uploads\/2026\/04\/IMG_3106-1024x682.jpeg\" alt=\"\" class=\"wp-image-197521\" \/><\/figure>\n<figure class=\"wp-block-image size-large\"><img loading=\"lazy\" decoding=\"async\" loading=\"lazy\" width=\"1024\" height=\"682\" data-id=\"197522\" src=\"https:\/\/amun.lapaz.bo\/wp-content\/uploads\/2026\/04\/IMG_3102-1-1024x682.jpeg\" alt=\"\" class=\"wp-image-197522\" \/><\/figure>\n<figure class=\"wp-block-image size-large\"><img loading=\"lazy\" decoding=\"async\" loading=\"lazy\" width=\"1024\" height=\"682\" data-id=\"197520\" src=\"https:\/\/amun.lapaz.bo\/wp-content\/uploads\/2026\/04\/IMG_3099-1024x682.jpeg\" alt=\"\" class=\"wp-image-197520\" \/><\/figure>\n<\/figure>\n<p>La entrada <a href=\"https:\/\/amun.lapaz.bo\/gobierno-municipal-homenajea-a-los-caporales-reyes-de-la-tuntuna-enaf-por-sus-50-anos-de-creacion\/\">Gobierno Municipal homenajea a los Caporales Reyes de la Tuntuna ENAF por sus 50 a\u00f1os de creaci\u00f3n<\/a> se public\u00f3 primero en <a href=\"https:\/\/amun.lapaz.bo\/\">Agencia Municipal de Noticias<\/a>.<\/p>","protected":false},"excerpt":{"rendered":"<p>Esta agrupaci&oacute;n folkl&oacute;rica recibi&oacute; un homenaje en la Casa de la Cultura &ldquo;Franz Tamayo&rdquo;, destacando su valioso aporte cultural a la sociedad. AMUN\/20-04-2026 En una emotiva ceremonia que subraya el compromiso de la Secretar&iacute;a Municipal de Culturas y Turismo con la preservaci&oacute;n y promoci&oacute;n de las ra&iacute;ces culturales, este martes otorg&oacute; un significativo reconocimiento a [&hellip;]<\/p>\n","protected":false},"author":1,"featured_media":0,"comment_status":"open","ping_status":"open","sticky":false,"template":"","format":"standard","meta":{"_eb_attr":"","site-sidebar-layout":"default","site-content-layout":"","ast-site-content-layout":"","site-content-style":"default","site-sidebar-style":"default","ast-global-header-display":"","ast-banner-title-visibility":"","ast-main-header-display":"","ast-hfb-above-header-display":"","ast-hfb-below-header-display":"","ast-hfb-mobile-header-display":"","site-post-title":"","ast-breadcrumbs-content":"","ast-featured-img":"","footer-sml-layout":"","theme-transparent-header-meta":"","adv-header-id-meta":"","stick-header-meta":"","header-above-stick-meta":"","header-main-stick-meta":"","header-below-stick-meta":"","astra-migrate-meta-layouts":"default","ast-page-background-enabled":"default","ast-page-background-meta":{"desktop":{"background-color":"var(--ast-global-color-4)","background-image":"","background-repeat":"repeat","background-position":"center center","background-size":"auto","background-attachment":"scroll","background-type":"","background-media":"","overlay-type":"","overlay-color":"","overlay-opacity":"","overlay-gradient":""},"tablet":{"background-color":"","background-image":"","background-repeat":"repeat","background-position":"center center","background-size":"auto","background-attachment":"scroll","background-type":"","background-media":"","overlay-type":"","overlay-color":"","overlay-opacity":"","overlay-gradient":""},"mobile":{"background-color":"","background-image":"","background-repeat":"repeat","background-position":"center center","background-size":"auto","background-attachment":"scroll","background-type":"","background-media":"","overlay-type":"","overlay-color":"","overlay-opacity":"","overlay-gradient":""}},"ast-content-background-meta":{"desktop":{"background-color":"var(--ast-global-color-5)","background-image":"","background-repeat":"repeat","background-position":"center center","background-size":"auto","background-attachment":"scroll","background-type":"","background-media":"","overlay-type":"","overlay-color":"","overlay-opacity":"","overlay-gradient":""},"tablet":{"background-color":"var(--ast-global-color-5)","background-image":"","background-repeat":"repeat","background-position":"center center","background-size":"auto","background-attachment":"scroll","background-type":"","background-media":"","overlay-type":"","overlay-color":"","overlay-opacity":"","overlay-gradient":""},"mobile":{"background-color":"var(--ast-global-color-5)","background-image":"","background-repeat":"repeat","background-position":"center center","background-size":"auto","background-attachment":"scroll","background-type":"","background-media":"","overlay-type":"","overlay-color":"","overlay-opacity":"","overlay-gradient":""}},"footnotes":""},"categories":[178],"tags":[],"class_list":["post-30774","post","type-post","status-publish","format-standard","has-post-thumbnail","hentry","category-amun"],"_links":{"self":[{"href":"https:\/\/lapaz.bo\/agendajiwaki\/wp-json\/wp\/v2\/posts\/30774","targetHints":{"allow":["GET"]}}],"collection":[{"href":"https:\/\/lapaz.bo\/agendajiwaki\/wp-json\/wp\/v2\/posts"}],"about":[{"href":"https:\/\/lapaz.bo\/agendajiwaki\/wp-json\/wp\/v2\/types\/post"}],"author":[{"embeddable":true,"href":"https:\/\/lapaz.bo\/agendajiwaki\/wp-json\/wp\/v2\/users\/1"}],"replies":[{"embeddable":true,"href":"https:\/\/lapaz.bo\/agendajiwaki\/wp-json\/wp\/v2\/comments?post=30774"}],"version-history":[{"count":0,"href":"https:\/\/lapaz.bo\/agendajiwaki\/wp-json\/wp\/v2\/posts\/30774\/revisions"}],"wp:attachment":[{"href":"https:\/\/lapaz.bo\/agendajiwaki\/wp-json\/wp\/v2\/media?parent=30774"}],"wp:term":[{"taxonomy":"category","embeddable":true,"href":"https:\/\/lapaz.bo\/agendajiwaki\/wp-json\/wp\/v2\/categories?post=30774"},{"taxonomy":"post_tag","embeddable":true,"href":"https:\/\/lapaz.bo\/agendajiwaki\/wp-json\/wp\/v2\/tags?post=30774"}],"curies":[{"name":"wp","href":"https:\/\/api.w.org\/{rel}","templated":true}]}}