{"id":30676,"date":"2026-04-16T10:08:02","date_gmt":"2026-04-16T14:08:02","guid":{"rendered":"https:\/\/lapaz.bo\/agendajiwaki\/david-santalla-es-declarado-hijo-predilecto-de-la-paz-preparan-monumento-de-bronce-en-su-honor\/"},"modified":"2026-04-16T10:08:02","modified_gmt":"2026-04-16T14:08:02","slug":"david-santalla-es-declarado-hijo-predilecto-de-la-paz-preparan-monumento-de-bronce-en-su-honor","status":"publish","type":"post","link":"https:\/\/lapaz.bo\/agendajiwaki\/david-santalla-es-declarado-hijo-predilecto-de-la-paz-preparan-monumento-de-bronce-en-su-honor\/","title":{"rendered":"David Santalla es declarado \u201cHijo Predilecto\u201d de La Paz; preparan monumento de bronce en su honor"},"content":{"rendered":"<p><!-- VideographyWP Plugin Message: Automatic video embedding prevented by plugin options. --><\/p>\n<p><em>El alcalde de La Paz, Iv\u00e1n Arias, hizo entrega del t\u00edtulo municipal de \u201cHijo Predilecto\u201d en grado p\u00f3stumo al hijo del maestro David Santalla, Yungaro. La distinci\u00f3n, otorgada mediante la Ordenanza 017\/2026, reconoce m\u00e1s de 60 a\u00f1os de aporte a la cultura y la identidad pace\u00f1a.<br \/><\/em>AMUN\/15-04-26<\/p>\n<p>En un momento de nostalgia y gratitud, el Gobierno Aut\u00f3nomo Municipal de La Paz (GAMLP) entreg\u00f3 de manera p\u00f3stuma el t\u00edtulo de \u201cHijo Predilecto del Municipio\u201d al maestro Walter David Santalla Barrientos. El reconocimiento, recibido por su hijo Yungaro en representaci\u00f3n de la familia, honra m\u00e1s de seis d\u00e9cadas de una trayectoria art\u00edstica que se convirti\u00f3 en el espejo de la identidad pace\u00f1a.<\/p>\n<p><strong>Un legado que trasciende la vida<\/strong><\/p>\n<p>La Ordenanza Municipal N\u00b0 017\/2026 destaca la labor de Santalla, no solo como actor y humorista, sino como un \u00abpatrimonio vivo\u00bb que sembr\u00f3 reflexiones imborrables a trav\u00e9s de sus m\u00e1s de 50 personajes, entre ellos la emblem\u00e1tica Imilla Salustiana y el recordado Don Enredoncio.<\/p>\n<figure class=\"wp-block-image size-large\"><img loading=\"lazy\" decoding=\"async\" loading=\"lazy\" width=\"1024\" height=\"683\" src=\"https:\/\/amun.lapaz.bo\/wp-content\/uploads\/2026\/04\/WhatsApp-Image-2026-04-15-at-11.54.45-AM-1024x683.jpeg\" alt=\"\" class=\"wp-image-197180\" \/><\/figure>\n<p><strong>Profundo agradecimiento<\/strong><\/p>\n<p>\u00abA personas como mi pap\u00e1 se les ha homenajeado en vida y se les tiene que seguir honrando la memoria despu\u00e9s de la muerte, es pasar a otro estado, el estado de patrimonio\u00bb, se\u00f1al\u00f3, Yungaro Santalla, hijo del artista, a tiempo de agradecer por la distinci\u00f3n.<\/p>\n<p><strong>Un monumento a escala humana<\/strong><\/p>\n<p>M\u00e1s all\u00e1 del diploma y la medalla, el alcalde Iv\u00e1n Arias anunci\u00f3 que la ciudad inmortalizar\u00e1 al artista con un monumento de bronce de tama\u00f1o real. La obra est\u00e1 siendo gestionada por la Escuela Taller de La Paz, que ya cuenta con los primeros bocetos.<\/p>\n<figure class=\"wp-block-image size-large\"><img loading=\"lazy\" decoding=\"async\" loading=\"lazy\" width=\"1024\" height=\"754\" src=\"https:\/\/amun.lapaz.bo\/wp-content\/uploads\/2026\/04\/WhatsApp-Image-2026-04-15-at-11.54.47-AM-1024x754.jpeg\" alt=\"\" class=\"wp-image-197181\" \/><\/figure>\n<p><strong>Trayectoria de un grande<\/strong><\/p>\n<p>El documento oficial recorre la vida de Santalla desde su infancia en el barrio de Miraflores hasta su consagraci\u00f3n en el cine boliviano con pel\u00edculas fundamentales como \u00abChuquiago\u00bb y \u00abMi Socio\u00bb.<\/p>\n<p>A pesar de los problemas de salud que enfrent\u00f3 en sus \u00faltimos a\u00f1os, Santalla se dedic\u00f3 a la escritura de sus memorias antes de su partida el pasado 21 de febrero.<\/p>\n<p>Con esta distinci\u00f3n, La Paz asegura que el nombre de David Santalla permanezca unido para siempre a la historia cultural de la sede de Gobierno, recordando a aquel hombre que, como dice la ordenanza, construy\u00f3 puentes entre la risa y la reflexi\u00f3n.<br \/>\/\/\/\/\/<\/p>\n<p>La entrada <a href=\"https:\/\/amun.lapaz.bo\/david-santalla-es-declarado-hijo-predilecto-de-la-paz-preparan-monumento-de-bronce-en-su-honor\/\">David Santalla es declarado \u201cHijo Predilecto\u201d de La Paz; preparan monumento de bronce en su honor<\/a> se public\u00f3 primero en <a href=\"https:\/\/amun.lapaz.bo\/\">Agencia Municipal de Noticias<\/a>.<\/p>","protected":false},"excerpt":{"rendered":"<p>El alcalde de La Paz, Iv&aacute;n Arias, hizo entrega del t&iacute;tulo municipal de &ldquo;Hijo Predilecto&rdquo; en grado p&oacute;stumo al hijo del maestro David Santalla, Yungaro. La distinci&oacute;n, otorgada mediante la Ordenanza 017\/2026, reconoce m&aacute;s de 60 a&ntilde;os de aporte a la cultura y la identidad pace&ntilde;a.AMUN\/15-04-26 En un momento de nostalgia y gratitud, el Gobierno [&hellip;]<\/p>\n","protected":false},"author":1,"featured_media":0,"comment_status":"open","ping_status":"open","sticky":false,"template":"","format":"standard","meta":{"_eb_attr":"","site-sidebar-layout":"default","site-content-layout":"","ast-site-content-layout":"","site-content-style":"default","site-sidebar-style":"default","ast-global-header-display":"","ast-banner-title-visibility":"","ast-main-header-display":"","ast-hfb-above-header-display":"","ast-hfb-below-header-display":"","ast-hfb-mobile-header-display":"","site-post-title":"","ast-breadcrumbs-content":"","ast-featured-img":"","footer-sml-layout":"","theme-transparent-header-meta":"","adv-header-id-meta":"","stick-header-meta":"","header-above-stick-meta":"","header-main-stick-meta":"","header-below-stick-meta":"","astra-migrate-meta-layouts":"default","ast-page-background-enabled":"default","ast-page-background-meta":{"desktop":{"background-color":"var(--ast-global-color-4)","background-image":"","background-repeat":"repeat","background-position":"center center","background-size":"auto","background-attachment":"scroll","background-type":"","background-media":"","overlay-type":"","overlay-color":"","overlay-opacity":"","overlay-gradient":""},"tablet":{"background-color":"","background-image":"","background-repeat":"repeat","background-position":"center center","background-size":"auto","background-attachment":"scroll","background-type":"","background-media":"","overlay-type":"","overlay-color":"","overlay-opacity":"","overlay-gradient":""},"mobile":{"background-color":"","background-image":"","background-repeat":"repeat","background-position":"center center","background-size":"auto","background-attachment":"scroll","background-type":"","background-media":"","overlay-type":"","overlay-color":"","overlay-opacity":"","overlay-gradient":""}},"ast-content-background-meta":{"desktop":{"background-color":"var(--ast-global-color-5)","background-image":"","background-repeat":"repeat","background-position":"center center","background-size":"auto","background-attachment":"scroll","background-type":"","background-media":"","overlay-type":"","overlay-color":"","overlay-opacity":"","overlay-gradient":""},"tablet":{"background-color":"var(--ast-global-color-5)","background-image":"","background-repeat":"repeat","background-position":"center center","background-size":"auto","background-attachment":"scroll","background-type":"","background-media":"","overlay-type":"","overlay-color":"","overlay-opacity":"","overlay-gradient":""},"mobile":{"background-color":"var(--ast-global-color-5)","background-image":"","background-repeat":"repeat","background-position":"center center","background-size":"auto","background-attachment":"scroll","background-type":"","background-media":"","overlay-type":"","overlay-color":"","overlay-opacity":"","overlay-gradient":""}},"footnotes":""},"categories":[178],"tags":[],"class_list":["post-30676","post","type-post","status-publish","format-standard","has-post-thumbnail","hentry","category-amun"],"_links":{"self":[{"href":"https:\/\/lapaz.bo\/agendajiwaki\/wp-json\/wp\/v2\/posts\/30676","targetHints":{"allow":["GET"]}}],"collection":[{"href":"https:\/\/lapaz.bo\/agendajiwaki\/wp-json\/wp\/v2\/posts"}],"about":[{"href":"https:\/\/lapaz.bo\/agendajiwaki\/wp-json\/wp\/v2\/types\/post"}],"author":[{"embeddable":true,"href":"https:\/\/lapaz.bo\/agendajiwaki\/wp-json\/wp\/v2\/users\/1"}],"replies":[{"embeddable":true,"href":"https:\/\/lapaz.bo\/agendajiwaki\/wp-json\/wp\/v2\/comments?post=30676"}],"version-history":[{"count":0,"href":"https:\/\/lapaz.bo\/agendajiwaki\/wp-json\/wp\/v2\/posts\/30676\/revisions"}],"wp:attachment":[{"href":"https:\/\/lapaz.bo\/agendajiwaki\/wp-json\/wp\/v2\/media?parent=30676"}],"wp:term":[{"taxonomy":"category","embeddable":true,"href":"https:\/\/lapaz.bo\/agendajiwaki\/wp-json\/wp\/v2\/categories?post=30676"},{"taxonomy":"post_tag","embeddable":true,"href":"https:\/\/lapaz.bo\/agendajiwaki\/wp-json\/wp\/v2\/tags?post=30676"}],"curies":[{"name":"wp","href":"https:\/\/api.w.org\/{rel}","templated":true}]}}