{"id":30675,"date":"2026-04-16T10:08:01","date_gmt":"2026-04-16T14:08:01","guid":{"rendered":"https:\/\/lapaz.bo\/agendajiwaki\/chico-el-inesperado-guardian-del-legado-de-david-santalla\/"},"modified":"2026-04-16T10:08:01","modified_gmt":"2026-04-16T14:08:01","slug":"chico-el-inesperado-guardian-del-legado-de-david-santalla","status":"publish","type":"post","link":"https:\/\/lapaz.bo\/agendajiwaki\/chico-el-inesperado-guardian-del-legado-de-david-santalla\/","title":{"rendered":"Chico, el inesperado guardi\u00e1n del legado de David Santalla"},"content":{"rendered":"<p><!-- VideographyWP Plugin Message: Automatic video embedding prevented by plugin options. --><\/p>\n<p><em>La nueva mascota de la familia lleg\u00f3 en medio del duelo y hoy se convierte en s\u00edmbolo de memoria, cari\u00f1o y continuidad.<br \/><\/em>AMUN\/15-04-26<\/p>\n<p>\u201cSiempre que uno piensa en la muerte, llega vida nueva despu\u00e9s\u201d, dice con fervor Yungaro, hijo de David Santalla, mientras sostiene a Chico, el nuevo compa\u00f1ero perruno de la familia. En esa frase se condensa una historia \u00edntima, cargada de afecto, que entrelaza el duelo con la esperanza y mantiene viva la memoria del ilustre actor.<\/p>\n<p>Entre flores y despedidas, como si tambi\u00e9n quisiera acompa\u00f1ar al maestro del teatro en su \u00faltimo adi\u00f3s, Chico apareci\u00f3 el d\u00eda del funeral. Yungaro recuerda que lo divis\u00f3 desde la platea del Teatro Municipal \u201cAlberto Saavedra P\u00e9rez\u201d y, casi por instinto, lo llam\u00f3 con un silbido. No esperaba que el cachorro respondiera saltando directamente a sus brazos. \u201cA partir de ah\u00ed, hasta el entierro mismo se qued\u00f3 con nosotros\u201d, relata, a\u00fan sorprendido por ese primer encuentro.<\/p>\n<figure class=\"wp-block-image size-large\"><img fetchpriority=\"high\" decoding=\"async\" width=\"1024\" height=\"683\" src=\"https:\/\/amun.lapaz.bo\/wp-content\/uploads\/2026\/04\/WhatsApp-Image-2026-04-15-at-11.54.42-AM-1024x683.jpeg\" alt=\"\" class=\"wp-image-197214\" \/><\/figure>\n<p>El nombre no es casual. Chico fue tambi\u00e9n la mascota de David Santalla antes del nacimiento de su hijo, un perro querido cuya historia qued\u00f3 inconclusa tras un robo. El eco de aquel recuerdo resurgi\u00f3 con la llegada del nuevo cachorro, como si el tiempo hubiera decidido cerrar un c\u00edrculo pendiente.<\/p>\n<p>\u201cCoincidentemente ha sido mandadito\u201d, dice Yungaro con una mezcla de asombro y ternura. Describe a Chico como un animal tranquilo, casi sabio, como si trajera consigo una calma heredada. En pocas semanas, la familia lo acogi\u00f3 como propio; en sus gestos cotidianos, en su compa\u00f1\u00eda silenciosa, se reavivan fragmentos de la vida compartida con su padre.<\/p>\n<figure class=\"wp-block-gallery has-nested-images columns-default is-cropped wp-block-gallery-1 is-layout-flex wp-block-gallery-is-layout-flex\">\n<figure class=\"wp-block-image size-large\"><img decoding=\"async\" width=\"1024\" height=\"683\" data-id=\"197211\" src=\"https:\/\/amun.lapaz.bo\/wp-content\/uploads\/2026\/04\/WhatsApp-Image-2026-04-15-at-11.54.46-AM-1024x683.jpeg\" alt=\"\" class=\"wp-image-197211\" \/><\/figure>\n<figure class=\"wp-block-image size-large\"><img decoding=\"async\" width=\"1024\" height=\"683\" data-id=\"197212\" src=\"https:\/\/amun.lapaz.bo\/wp-content\/uploads\/2026\/04\/WhatsApp-Image-2026-04-15-at-11.54.46-AM-1-1024x683.jpeg\" alt=\"\" class=\"wp-image-197212\" \/><\/figure>\n<\/figure>\n<p>La historia sum\u00f3 un cap\u00edtulo singular cuando la Alcald\u00eda de La Paz declar\u00f3 este mi\u00e9rcoles \u201cHijo Predilecto de La Paz\u201d a David Santalla. Chico estuvo presente en el acto y marc\u00f3 un hecho in\u00e9dito al convertirse en el primer can en ingresar al \u00d3rgano Legislativo, gracias a una autorizaci\u00f3n especial.<\/p>\n<p>M\u00e1s que una mascota, Chico se ha convertido en un s\u00edmbolo: un lazo vivo entre la memoria, el cari\u00f1o y la permanencia de quienes, de alguna forma, nunca se van.<br \/>\/\/\/\/\/<\/p>\n<p>La entrada <a href=\"https:\/\/amun.lapaz.bo\/chico-el-inesperado-guardian-del-legado-de-david-santalla\/\">Chico, el inesperado guardi\u00e1n del legado de David Santalla<\/a> se public\u00f3 primero en <a href=\"https:\/\/amun.lapaz.bo\/\">Agencia Municipal de Noticias<\/a>.<\/p>","protected":false},"excerpt":{"rendered":"<p>La nueva mascota de la familia lleg&oacute; en medio del duelo y hoy se convierte en s&iacute;mbolo de memoria, cari&ntilde;o y continuidad.AMUN\/15-04-26 &ldquo;Siempre que uno piensa en la muerte, llega vida nueva despu&eacute;s&rdquo;, dice con fervor Yungaro, hijo de David Santalla, mientras sostiene a Chico, el nuevo compa&ntilde;ero perruno de la familia. En esa frase [&hellip;]<\/p>\n","protected":false},"author":1,"featured_media":0,"comment_status":"open","ping_status":"open","sticky":false,"template":"","format":"standard","meta":{"_eb_attr":"","site-sidebar-layout":"default","site-content-layout":"","ast-site-content-layout":"","site-content-style":"default","site-sidebar-style":"default","ast-global-header-display":"","ast-banner-title-visibility":"","ast-main-header-display":"","ast-hfb-above-header-display":"","ast-hfb-below-header-display":"","ast-hfb-mobile-header-display":"","site-post-title":"","ast-breadcrumbs-content":"","ast-featured-img":"","footer-sml-layout":"","theme-transparent-header-meta":"","adv-header-id-meta":"","stick-header-meta":"","header-above-stick-meta":"","header-main-stick-meta":"","header-below-stick-meta":"","astra-migrate-meta-layouts":"default","ast-page-background-enabled":"default","ast-page-background-meta":{"desktop":{"background-color":"var(--ast-global-color-4)","background-image":"","background-repeat":"repeat","background-position":"center center","background-size":"auto","background-attachment":"scroll","background-type":"","background-media":"","overlay-type":"","overlay-color":"","overlay-opacity":"","overlay-gradient":""},"tablet":{"background-color":"","background-image":"","background-repeat":"repeat","background-position":"center center","background-size":"auto","background-attachment":"scroll","background-type":"","background-media":"","overlay-type":"","overlay-color":"","overlay-opacity":"","overlay-gradient":""},"mobile":{"background-color":"","background-image":"","background-repeat":"repeat","background-position":"center center","background-size":"auto","background-attachment":"scroll","background-type":"","background-media":"","overlay-type":"","overlay-color":"","overlay-opacity":"","overlay-gradient":""}},"ast-content-background-meta":{"desktop":{"background-color":"var(--ast-global-color-5)","background-image":"","background-repeat":"repeat","background-position":"center center","background-size":"auto","background-attachment":"scroll","background-type":"","background-media":"","overlay-type":"","overlay-color":"","overlay-opacity":"","overlay-gradient":""},"tablet":{"background-color":"var(--ast-global-color-5)","background-image":"","background-repeat":"repeat","background-position":"center center","background-size":"auto","background-attachment":"scroll","background-type":"","background-media":"","overlay-type":"","overlay-color":"","overlay-opacity":"","overlay-gradient":""},"mobile":{"background-color":"var(--ast-global-color-5)","background-image":"","background-repeat":"repeat","background-position":"center center","background-size":"auto","background-attachment":"scroll","background-type":"","background-media":"","overlay-type":"","overlay-color":"","overlay-opacity":"","overlay-gradient":""}},"footnotes":""},"categories":[178],"tags":[],"class_list":["post-30675","post","type-post","status-publish","format-standard","has-post-thumbnail","hentry","category-amun"],"_links":{"self":[{"href":"https:\/\/lapaz.bo\/agendajiwaki\/wp-json\/wp\/v2\/posts\/30675","targetHints":{"allow":["GET"]}}],"collection":[{"href":"https:\/\/lapaz.bo\/agendajiwaki\/wp-json\/wp\/v2\/posts"}],"about":[{"href":"https:\/\/lapaz.bo\/agendajiwaki\/wp-json\/wp\/v2\/types\/post"}],"author":[{"embeddable":true,"href":"https:\/\/lapaz.bo\/agendajiwaki\/wp-json\/wp\/v2\/users\/1"}],"replies":[{"embeddable":true,"href":"https:\/\/lapaz.bo\/agendajiwaki\/wp-json\/wp\/v2\/comments?post=30675"}],"version-history":[{"count":0,"href":"https:\/\/lapaz.bo\/agendajiwaki\/wp-json\/wp\/v2\/posts\/30675\/revisions"}],"wp:attachment":[{"href":"https:\/\/lapaz.bo\/agendajiwaki\/wp-json\/wp\/v2\/media?parent=30675"}],"wp:term":[{"taxonomy":"category","embeddable":true,"href":"https:\/\/lapaz.bo\/agendajiwaki\/wp-json\/wp\/v2\/categories?post=30675"},{"taxonomy":"post_tag","embeddable":true,"href":"https:\/\/lapaz.bo\/agendajiwaki\/wp-json\/wp\/v2\/tags?post=30675"}],"curies":[{"name":"wp","href":"https:\/\/api.w.org\/{rel}","templated":true}]}}