{"id":30517,"date":"2026-04-13T10:07:50","date_gmt":"2026-04-13T14:07:50","guid":{"rendered":"https:\/\/lapaz.bo\/agendajiwaki\/la-feria-cultural-de-mil-colores-se-reinventa-y-conquista-al-pueblo-paceno\/"},"modified":"2026-04-13T10:07:50","modified_gmt":"2026-04-13T14:07:50","slug":"la-feria-cultural-de-mil-colores-se-reinventa-y-conquista-al-pueblo-paceno","status":"publish","type":"post","link":"https:\/\/lapaz.bo\/agendajiwaki\/la-feria-cultural-de-mil-colores-se-reinventa-y-conquista-al-pueblo-paceno\/","title":{"rendered":"La Feria Cultural de \u00abMil Colores\u00bb se reinventa y conquista al pueblo pace\u00f1o"},"content":{"rendered":"<p><!-- VideographyWP Plugin Message: Automatic video embedding prevented by plugin options. --><\/p>\n<p>Con una gran concurrencia familiar, el alcalde Iv\u00e1n Arias inaugur\u00f3 esta feria en El Prado.<\/p>\n<p>AMUN\/12-04-2026<br \/>Este domingo el alcalde Iv\u00e1n Arias inaugur\u00f3 la Feria Cultural de \u00abMil Colores\u00bb 2026. Durante su intervenci\u00f3n, la autoridad municipal explic\u00f3 que, aunque la feria se desarrolla sin los tradicionales espect\u00e1culos art\u00edsticos, tarimas y sonido que suelen animar estas actividades, la respuesta de la ciudadan\u00eda ha sido \u00abimpresionante\u00bb.<\/p>\n<p>\u00abEstamos en d\u00edas de extinci\u00f3n presupuestaria y no estamos haciendo nuevas contrataciones. Por eso, hoy la feria se realiza solamente con los artesanos\u00bb, se\u00f1al\u00f3 Arias.<\/p>\n<p>Sin embargo, aclar\u00f3 que se espera que para el pr\u00f3ximo mes, con el inicio de una nueva gesti\u00f3n y la disponibilidad de recursos, ya se puedan contratar artistas y servicios para brindar una mayor animaci\u00f3n.<\/p>\n<figure class=\"wp-block-gallery has-nested-images columns-default is-cropped wp-block-gallery-1 is-layout-flex wp-block-gallery-is-layout-flex\">\n<figure class=\"wp-block-image size-large\"><img fetchpriority=\"high\" decoding=\"async\" width=\"1024\" height=\"682\" data-id=\"196976\" src=\"https:\/\/amun.lapaz.bo\/wp-content\/uploads\/2026\/04\/9fe8374a-0e99-492e-8966-ed2bd5a13a9d-1024x682.jpeg\" alt=\"\" class=\"wp-image-196976\" \/><\/figure>\n<figure class=\"wp-block-image size-large\"><img decoding=\"async\" width=\"1024\" height=\"682\" data-id=\"196978\" src=\"https:\/\/amun.lapaz.bo\/wp-content\/uploads\/2026\/04\/cd26fa91-0a95-4ecf-a389-ad0776cf5cf5-1024x682.jpeg\" alt=\"\" class=\"wp-image-196978\" \/><\/figure>\n<figure class=\"wp-block-image size-large\"><img decoding=\"async\" width=\"1024\" height=\"682\" data-id=\"196977\" src=\"https:\/\/amun.lapaz.bo\/wp-content\/uploads\/2026\/04\/42a44b12-64af-434f-877d-54de190e8d7f-1024x682.jpeg\" alt=\"\" class=\"wp-image-196977\" \/><\/figure>\n<\/figure>\n<p>A pesar de la ausencia de shows en vivo, el Alcalde destac\u00f3 que la iniciativa se ha consolidado como un punto de encuentro familiar y de esparcimiento dominical.<\/p>\n<p>La feria re\u00fane a cientos de familias y artesanos de diversas organizaciones, quienes exponen una amplia variedad de productos culturales. Los visitantes pueden encontrar desde bisuter\u00eda, accesorios y carteras, hasta una infinidad de art\u00edculos elaborados a mano que representan la riqueza cultural pace\u00f1a.<\/p>\n<figure class=\"wp-block-gallery has-nested-images columns-default is-cropped wp-block-gallery-2 is-layout-flex wp-block-gallery-is-layout-flex\">\n<figure class=\"wp-block-image size-large\"><img loading=\"lazy\" decoding=\"async\" loading=\"lazy\" width=\"1024\" height=\"682\" data-id=\"196979\" src=\"https:\/\/amun.lapaz.bo\/wp-content\/uploads\/2026\/04\/167073ba-504e-4e37-9e05-851f33dc5339-1024x682.jpeg\" alt=\"\" class=\"wp-image-196979\" \/><\/figure>\n<figure class=\"wp-block-image size-large\"><img loading=\"lazy\" decoding=\"async\" loading=\"lazy\" width=\"1024\" height=\"682\" data-id=\"196980\" src=\"https:\/\/amun.lapaz.bo\/wp-content\/uploads\/2026\/04\/e670f9dd-bf8e-4fc8-8432-e561b29a4868-1024x682.jpeg\" alt=\"\" class=\"wp-image-196980\" \/><\/figure>\n<figure class=\"wp-block-image size-large\"><img loading=\"lazy\" decoding=\"async\" loading=\"lazy\" width=\"1024\" height=\"682\" data-id=\"196983\" src=\"https:\/\/amun.lapaz.bo\/wp-content\/uploads\/2026\/04\/049f0b87-366d-4a98-bb7b-d6ae5097c3ab-1024x682.jpeg\" alt=\"\" class=\"wp-image-196983\" \/><\/figure>\n<figure class=\"wp-block-image size-large\"><img loading=\"lazy\" decoding=\"async\" loading=\"lazy\" width=\"1024\" height=\"682\" data-id=\"196982\" src=\"https:\/\/amun.lapaz.bo\/wp-content\/uploads\/2026\/04\/bc67eded-f878-488c-b74a-c11c52219cfe-1024x682.jpeg\" alt=\"\" class=\"wp-image-196982\" \/><\/figure>\n<figure class=\"wp-block-image size-large\"><img loading=\"lazy\" decoding=\"async\" loading=\"lazy\" width=\"1024\" height=\"682\" data-id=\"196981\" src=\"https:\/\/amun.lapaz.bo\/wp-content\/uploads\/2026\/04\/f01dad90-7ea9-4db0-867f-22bee1b2eda7-1024x682.jpeg\" alt=\"\" class=\"wp-image-196981\" \/><\/figure>\n<figure class=\"wp-block-image size-large\"><img loading=\"lazy\" decoding=\"async\" loading=\"lazy\" width=\"1024\" height=\"682\" data-id=\"196984\" src=\"https:\/\/amun.lapaz.bo\/wp-content\/uploads\/2026\/04\/c35a7efb-c9bd-4fa2-a242-a659034f1346-1024x682.jpeg\" alt=\"\" class=\"wp-image-196984\" \/><\/figure>\n<\/figure>\n<p>\u00abRecibiendo siempre el cari\u00f1o de la gente, yo estoy muy contento aqu\u00ed. La gente no deja de expresar tanto cari\u00f1o que uno a veces se conmueve. Gracias pueblo de La Paz, como siempre pensamos por la puertancia y saldremos por la puertancia\u00bb, expres\u00f3 durante su recorrido por los stands.<br \/>\/\/\/\/<\/p>\n<p>La entrada <a href=\"https:\/\/amun.lapaz.bo\/la-feria-cultural-de-mil-colores-se-reinventa-y-conquista-al-pueblo-paceno\/\">La Feria Cultural de \u00abMil Colores\u00bb se reinventa y conquista al pueblo pace\u00f1o<\/a> se public\u00f3 primero en <a href=\"https:\/\/amun.lapaz.bo\/\">Agencia Municipal de Noticias<\/a>.<\/p>","protected":false},"excerpt":{"rendered":"<p>Con una gran concurrencia familiar, el alcalde Iv&aacute;n Arias inaugur&oacute; esta feria en El Prado. AMUN\/12-04-2026Este domingo el alcalde Iv&aacute;n Arias inaugur&oacute; la Feria Cultural de &laquo;Mil Colores&raquo; 2026. Durante su intervenci&oacute;n, la autoridad municipal explic&oacute; que, aunque la feria se desarrolla sin los tradicionales espect&aacute;culos art&iacute;sticos, tarimas y sonido que suelen animar estas actividades, [&hellip;]<\/p>\n","protected":false},"author":1,"featured_media":0,"comment_status":"open","ping_status":"open","sticky":false,"template":"","format":"standard","meta":{"_eb_attr":"","site-sidebar-layout":"default","site-content-layout":"","ast-site-content-layout":"","site-content-style":"default","site-sidebar-style":"default","ast-global-header-display":"","ast-banner-title-visibility":"","ast-main-header-display":"","ast-hfb-above-header-display":"","ast-hfb-below-header-display":"","ast-hfb-mobile-header-display":"","site-post-title":"","ast-breadcrumbs-content":"","ast-featured-img":"","footer-sml-layout":"","theme-transparent-header-meta":"","adv-header-id-meta":"","stick-header-meta":"","header-above-stick-meta":"","header-main-stick-meta":"","header-below-stick-meta":"","astra-migrate-meta-layouts":"default","ast-page-background-enabled":"default","ast-page-background-meta":{"desktop":{"background-color":"var(--ast-global-color-4)","background-image":"","background-repeat":"repeat","background-position":"center center","background-size":"auto","background-attachment":"scroll","background-type":"","background-media":"","overlay-type":"","overlay-color":"","overlay-opacity":"","overlay-gradient":""},"tablet":{"background-color":"","background-image":"","background-repeat":"repeat","background-position":"center center","background-size":"auto","background-attachment":"scroll","background-type":"","background-media":"","overlay-type":"","overlay-color":"","overlay-opacity":"","overlay-gradient":""},"mobile":{"background-color":"","background-image":"","background-repeat":"repeat","background-position":"center center","background-size":"auto","background-attachment":"scroll","background-type":"","background-media":"","overlay-type":"","overlay-color":"","overlay-opacity":"","overlay-gradient":""}},"ast-content-background-meta":{"desktop":{"background-color":"var(--ast-global-color-5)","background-image":"","background-repeat":"repeat","background-position":"center center","background-size":"auto","background-attachment":"scroll","background-type":"","background-media":"","overlay-type":"","overlay-color":"","overlay-opacity":"","overlay-gradient":""},"tablet":{"background-color":"var(--ast-global-color-5)","background-image":"","background-repeat":"repeat","background-position":"center center","background-size":"auto","background-attachment":"scroll","background-type":"","background-media":"","overlay-type":"","overlay-color":"","overlay-opacity":"","overlay-gradient":""},"mobile":{"background-color":"var(--ast-global-color-5)","background-image":"","background-repeat":"repeat","background-position":"center center","background-size":"auto","background-attachment":"scroll","background-type":"","background-media":"","overlay-type":"","overlay-color":"","overlay-opacity":"","overlay-gradient":""}},"footnotes":""},"categories":[178],"tags":[],"class_list":["post-30517","post","type-post","status-publish","format-standard","has-post-thumbnail","hentry","category-amun"],"_links":{"self":[{"href":"https:\/\/lapaz.bo\/agendajiwaki\/wp-json\/wp\/v2\/posts\/30517","targetHints":{"allow":["GET"]}}],"collection":[{"href":"https:\/\/lapaz.bo\/agendajiwaki\/wp-json\/wp\/v2\/posts"}],"about":[{"href":"https:\/\/lapaz.bo\/agendajiwaki\/wp-json\/wp\/v2\/types\/post"}],"author":[{"embeddable":true,"href":"https:\/\/lapaz.bo\/agendajiwaki\/wp-json\/wp\/v2\/users\/1"}],"replies":[{"embeddable":true,"href":"https:\/\/lapaz.bo\/agendajiwaki\/wp-json\/wp\/v2\/comments?post=30517"}],"version-history":[{"count":0,"href":"https:\/\/lapaz.bo\/agendajiwaki\/wp-json\/wp\/v2\/posts\/30517\/revisions"}],"wp:attachment":[{"href":"https:\/\/lapaz.bo\/agendajiwaki\/wp-json\/wp\/v2\/media?parent=30517"}],"wp:term":[{"taxonomy":"category","embeddable":true,"href":"https:\/\/lapaz.bo\/agendajiwaki\/wp-json\/wp\/v2\/categories?post=30517"},{"taxonomy":"post_tag","embeddable":true,"href":"https:\/\/lapaz.bo\/agendajiwaki\/wp-json\/wp\/v2\/tags?post=30517"}],"curies":[{"name":"wp","href":"https:\/\/api.w.org\/{rel}","templated":true}]}}