{"id":17698,"date":"2025-05-05T15:06:36","date_gmt":"2025-05-05T19:06:36","guid":{"rendered":"http:\/\/agendajiwaki.lapaz.bo\/2025\/05\/05\/la-paz-reconoce-los-41-anos-de-trayectoria-de-kala-marka-un-orgullo-paceno\/"},"modified":"2025-05-05T15:06:36","modified_gmt":"2025-05-05T19:06:36","slug":"la-paz-reconoce-los-41-anos-de-trayectoria-de-kala-marka-un-orgullo-paceno","status":"publish","type":"post","link":"https:\/\/lapaz.bo\/agendajiwaki\/la-paz-reconoce-los-41-anos-de-trayectoria-de-kala-marka-un-orgullo-paceno\/","title":{"rendered":"La Paz reconoce los 41 a\u00f1os de trayectoria de Kala Marka, un orgullo pace\u00f1o"},"content":{"rendered":"<p><em>El grupo agradeci\u00f3 por recibir su primer reconocimiento de la Municipalidad.<\/em><\/p>\n<p>AMUN \/5-5-25<\/p>\n<p>El Gobierno Aut\u00f3nomo Municipal de La Paz entreg\u00f3 este lunes un reconocimiento a Kala Marka, uno de los grupos folkl\u00f3ricos pace\u00f1os m\u00e1s reconocidos a nivel nacional e internacional. Sus canciones como \u201cAma sua, ama llulla, ama k\u2019ella\u201d, \u201cPastorcita\u201d y \u201cCuando florezca el chu\u00f1o\u201d, entre otros, son parte de sus 41 a\u00f1os de trayectoria que hicieron bailar a diferentes generaciones.<\/p>\n<p>\u201cVoy a dar al grupo en general su reconocimiento, a Kala Marka en conmemoraci\u00f3n de sus 41 a\u00f1os de trayectoria art\u00edstica y el reconocimiento a su destacada presentaci\u00f3n que ser\u00e1 el 16 de mayo de 2025 en el Teatro Municipal a la Aire Libre, Jaime Laredo\u201d, dijo el alcalde Iv\u00e1n Arias en un acto oficial donde se entreg\u00f3 el galard\u00f3n al grupo y a sus dos fundadores: Rodolfo Choque y Hugo Guti\u00e9rrez.<\/p>\n<p>La autoridad record\u00f3 que fue por los a\u00f1os 80 cuando comenz\u00f3 a escuchar el grupo a sugerencia de uno de sus amigos de Suecia. \u201c\u00c9l me dijo que all\u00e1, la m\u00fasica de Kala Marka era un boom\u201d.<\/p>\n<p>\u201cSi algo he logrado con la m\u00fasica de Kala Marka es que cuando necesitas subsumirte en la reflexi\u00f3n, subsumirte en esos momentos de soledad o quieres que algo sea envolvente en tu vida, escucha su m\u00fasica, se las recomiendo, a m\u00ed me ayud\u00f3\u201d,\u00a0 dijo la autoridad.<\/p>\n<figure class=\"wp-block-gallery has-nested-images columns-default is-cropped wp-block-gallery-1 is-layout-flex wp-block-gallery-is-layout-flex\">\n<figure class=\"wp-block-image size-large\"><img fetchpriority=\"high\" decoding=\"async\" width=\"1024\" height=\"683\" data-id=\"168715\" src=\"https:\/\/amun.lapaz.bo\/wp-content\/uploads\/2025\/05\/WhatsApp-Image-2025-05-05-at-12.28.13-PM-1024x683.jpeg\" alt=\"\" class=\"wp-image-168715\"\/><\/figure>\n<\/figure>\n<p>Destac\u00f3 que la m\u00fasica de este grupo infunde ese esp\u00edritu, esa sensaci\u00f3n tel\u00farica, que te transporta a otro momento. \u201cGracias por tanta fuerza, por tanta energ\u00eda que llena el alma\u201d.<\/p>\n<p>Arias alab\u00f3 la trayectoria de los m\u00fasicos pace\u00f1os ya que llevaron la m\u00fasica boliviana al continente americano,\u00a0 asi\u00e1tico y europeo, y que lastimosamente en La Paz no haya sido reconocido hasta ahora por la Municipalidad.<\/p>\n<p>\u201cPerd\u00f3n por el retraso\u201d, dijo el Alcalde, quien pidi\u00f3 al concejal Jorge Dulon que tambi\u00e9n haga el tr\u00e1mite para que reciban un galard\u00f3n el 16\u00a0 de Julio o 20 de Octubre que son los momentos de gala para La Paz.<\/p>\n<p>El Secretario Municipal de Culturas, Am\u00e9rico Gemio, destac\u00f3 la trayectoria art\u00edstica del grupo que trascendi\u00f3 las fronteras del pa\u00eds, llevando la tricolor en cada rinc\u00f3n del mundo.<\/p>\n<p>Por su parte, uno de los fundadores, Hugo Guti\u00e9rrez, agradeci\u00f3 por recibir ese primer reconocimiento de La Paz.<\/p>\n<blockquote class=\"wp-block-quote is-layout-flow wp-block-quote-is-layout-flow\">\n<p><em>Nacimiento del grupo<\/em><\/p>\n<\/blockquote>\n<p>Relat\u00f3 que el grupo naci\u00f3 en 1984, en el barrio de Chijini, aunque sus miembros son de diferentes poblaciones del departamento pace\u00f1o. \u201cCon la experiencia que hemos formado hemos llegado a diferentes teatros del mundo, desde Paris, Alemania, en Bogot\u00e1 y Lima\u201d.<\/p>\n<p>El compositor y fundador del grupo, Rodolfo Choque, asegur\u00f3 que ellos se caracterizan por tocar m\u00fasica aut\u00f3ctona. Adem\u00e1s, describi\u00f3 a cada uno de los componentes del grupo que hace bailar a un p\u00fablico que entre 15 y 35 a\u00f1os. \u201cA nosotros nos ven como a un grupo que hizo renacer los tobas\u201d.<\/p>\n<blockquote class=\"wp-block-quote is-layout-flow wp-block-quote-is-layout-flow\">\n<p><em>Concierto<\/em><\/p>\n<\/blockquote>\n<p>Tanto Guti\u00e9rrez como Choque invitaron a la poblaci\u00f3n para que el 16 de mayo asistan a su concierto en el Teatro Al Aire Libre, el \u00fanico escenario que puede recibir a un masivo p\u00fablico en la ciudad.<\/p>\n<p>\/\/\/\/<\/p>\n<p>La entrada <a href=\"https:\/\/amun.lapaz.bo\/la-paz-reconoce-los-41-anos-de-trayectoria-de-kala-marka-un-orgullo-paceno\/\">La Paz reconoce los 41 a\u00f1os de trayectoria de Kala Marka, un orgullo pace\u00f1o<\/a> se public\u00f3 primero en <a href=\"https:\/\/amun.lapaz.bo\/\">Agencia Municipal de Noticias<\/a>.<\/p>","protected":false},"excerpt":{"rendered":"<p>El grupo agradeci&oacute; por recibir su primer reconocimiento de la Municipalidad. AMUN \/5-5-25 El Gobierno Aut&oacute;nomo Municipal de La Paz entreg&oacute; este lunes un reconocimiento a Kala Marka, uno de los grupos folkl&oacute;ricos pace&ntilde;os m&aacute;s reconocidos a nivel nacional e internacional. Sus canciones como &ldquo;Ama sua, ama llulla, ama k&rsquo;ella&rdquo;, &ldquo;Pastorcita&rdquo; y &ldquo;Cuando florezca el [&hellip;]<\/p>\n","protected":false},"author":1,"featured_media":0,"comment_status":"open","ping_status":"open","sticky":false,"template":"","format":"standard","meta":{"_eb_attr":"","site-sidebar-layout":"default","site-content-layout":"","ast-site-content-layout":"","site-content-style":"default","site-sidebar-style":"default","ast-global-header-display":"","ast-banner-title-visibility":"","ast-main-header-display":"","ast-hfb-above-header-display":"","ast-hfb-below-header-display":"","ast-hfb-mobile-header-display":"","site-post-title":"","ast-breadcrumbs-content":"","ast-featured-img":"","footer-sml-layout":"","theme-transparent-header-meta":"","adv-header-id-meta":"","stick-header-meta":"","header-above-stick-meta":"","header-main-stick-meta":"","header-below-stick-meta":"","astra-migrate-meta-layouts":"default","ast-page-background-enabled":"default","ast-page-background-meta":{"desktop":{"background-color":"var(--ast-global-color-4)","background-image":"","background-repeat":"repeat","background-position":"center center","background-size":"auto","background-attachment":"scroll","background-type":"","background-media":"","overlay-type":"","overlay-color":"","overlay-opacity":"","overlay-gradient":""},"tablet":{"background-color":"","background-image":"","background-repeat":"repeat","background-position":"center center","background-size":"auto","background-attachment":"scroll","background-type":"","background-media":"","overlay-type":"","overlay-color":"","overlay-opacity":"","overlay-gradient":""},"mobile":{"background-color":"","background-image":"","background-repeat":"repeat","background-position":"center center","background-size":"auto","background-attachment":"scroll","background-type":"","background-media":"","overlay-type":"","overlay-color":"","overlay-opacity":"","overlay-gradient":""}},"ast-content-background-meta":{"desktop":{"background-color":"var(--ast-global-color-5)","background-image":"","background-repeat":"repeat","background-position":"center center","background-size":"auto","background-attachment":"scroll","background-type":"","background-media":"","overlay-type":"","overlay-color":"","overlay-opacity":"","overlay-gradient":""},"tablet":{"background-color":"var(--ast-global-color-5)","background-image":"","background-repeat":"repeat","background-position":"center center","background-size":"auto","background-attachment":"scroll","background-type":"","background-media":"","overlay-type":"","overlay-color":"","overlay-opacity":"","overlay-gradient":""},"mobile":{"background-color":"var(--ast-global-color-5)","background-image":"","background-repeat":"repeat","background-position":"center center","background-size":"auto","background-attachment":"scroll","background-type":"","background-media":"","overlay-type":"","overlay-color":"","overlay-opacity":"","overlay-gradient":""}},"footnotes":""},"categories":[178],"tags":[],"class_list":["post-17698","post","type-post","status-publish","format-standard","has-post-thumbnail","hentry","category-amun"],"_links":{"self":[{"href":"https:\/\/lapaz.bo\/agendajiwaki\/wp-json\/wp\/v2\/posts\/17698","targetHints":{"allow":["GET"]}}],"collection":[{"href":"https:\/\/lapaz.bo\/agendajiwaki\/wp-json\/wp\/v2\/posts"}],"about":[{"href":"https:\/\/lapaz.bo\/agendajiwaki\/wp-json\/wp\/v2\/types\/post"}],"author":[{"embeddable":true,"href":"https:\/\/lapaz.bo\/agendajiwaki\/wp-json\/wp\/v2\/users\/1"}],"replies":[{"embeddable":true,"href":"https:\/\/lapaz.bo\/agendajiwaki\/wp-json\/wp\/v2\/comments?post=17698"}],"version-history":[{"count":0,"href":"https:\/\/lapaz.bo\/agendajiwaki\/wp-json\/wp\/v2\/posts\/17698\/revisions"}],"wp:attachment":[{"href":"https:\/\/lapaz.bo\/agendajiwaki\/wp-json\/wp\/v2\/media?parent=17698"}],"wp:term":[{"taxonomy":"category","embeddable":true,"href":"https:\/\/lapaz.bo\/agendajiwaki\/wp-json\/wp\/v2\/categories?post=17698"},{"taxonomy":"post_tag","embeddable":true,"href":"https:\/\/lapaz.bo\/agendajiwaki\/wp-json\/wp\/v2\/tags?post=17698"}],"curies":[{"name":"wp","href":"https:\/\/api.w.org\/{rel}","templated":true}]}}